{"id":22752,"date":"2022-04-01T17:55:41","date_gmt":"2022-04-01T20:55:41","guid":{"rendered":"https:\/\/oparanews.com.br\/?p=22752"},"modified":"2022-04-01T17:55:41","modified_gmt":"2022-04-01T20:55:41","slug":"mais-de-300-familias-carentes-de-penedo-serao-beneficiadas-com-moradia-digna","status":"publish","type":"post","link":"https:\/\/www.oparanews.com.br\/index.php\/2022\/04\/01\/mais-de-300-familias-carentes-de-penedo-serao-beneficiadas-com-moradia-digna\/","title":{"rendered":"Mais de 300 fam\u00edlias carentes de Penedo ser\u00e3o beneficiadas com moradia digna"},"content":{"rendered":"<p>O Prefeito Ronaldo Lopes e o Secret\u00e1rio Maur\u00edcio Quintella (Seinfra Alagoas) assinaram conv\u00eanio que beneficiar\u00e1 mais de 300 fam\u00edlias penedenses de baixa renda com moradia digna.<\/p>\n<p>&nbsp;<\/p>\n<p>O investimento de aproximadamente R$ 4.000.000,00 (quatro milh\u00f5es de reais) promover\u00e1 melhorias habitacionais por meio do conv\u00eanio assinado nesta sexta-feira, 01, em Macei\u00f3.<\/p>\n<p>&nbsp;<\/p>\n<p>A parceria \u00e9 direcionada para comunidades carentes e tamb\u00e9m vai substituir casas de taipa por im\u00f3vel em alvenaria.<\/p>\n<p>&nbsp;<\/p>\n<p>Maur\u00edcio Quintella informou que as obras ser\u00e3o tocadas pela Prefeitura de Penedo e parabenizou Guilherme e Gustavo Lopes e o gestor da Sedetur Alagoas, Marcius Beltr\u00e3o, pelo empenho em viabilizar o benef\u00edcio para Penedo.<\/p>\n<p>&nbsp;<\/p>\n<p>\u201c\u00c9 um projeto de cunho social forte que vai mudar a vida de muita gente\u201d, afirmou Quintella, parabenizando a iniciativa do Governador Renan Filho que atende v\u00e1rios munic\u00edpios alagoanos.<\/p>\n<p>&nbsp;<\/p>\n<p>O Prefeito Ronaldo Lopes agradeceu por mais essa medida do governo estadual para Penedo e enalteceu a import\u00e2ncia do conv\u00eanio para fam\u00edlias carentes do munic\u00edpio.<\/p>\n<p>&nbsp;<\/p>\n<p>&nbsp;<\/p>\n<p><strong>por Fernando Vin\u00edcius &#8211; Decom PMP<\/strong><\/p>\n","protected":false},"excerpt":{"rendered":"<p>O Prefeito Ronaldo Lopes e o Secret\u00e1rio Maur\u00edcio Quintella (Seinfra Alagoas) assinaram conv\u00eanio que beneficiar\u00e1 mais de 300 fam\u00edlias penedenses de baixa renda com moradia digna. &nbsp; O investimento de aproximadamente R$ 4.000.000,00 (quatro milh\u00f5es de reais) promover\u00e1 melhorias habitacionais por meio do conv\u00eanio assinado nesta sexta-feira, 01, em Macei\u00f3. &nbsp; A parceria \u00e9 direcionada &hellip;<\/p>\n","protected":false},"author":2,"featured_media":22753,"comment_status":"open","ping_status":"open","sticky":false,"template":"","format":"standard","meta":{"_jetpack_memberships_contains_paid_content":false,"footnotes":""},"categories":[1,3],"tags":[],"class_list":["post-22752","post","type-post","status-publish","format-standard","has-post-thumbnail","hentry","category-destaque","category-penedo"],"jetpack_featured_media_url":"https:\/\/www.oparanews.com.br\/wp-content\/uploads\/2022\/04\/Sem-titulo-3.jpg","jetpack_sharing_enabled":true,"_links":{"self":[{"href":"https:\/\/www.oparanews.com.br\/index.php\/wp-json\/wp\/v2\/posts\/22752","targetHints":{"allow":["GET"]}}],"collection":[{"href":"https:\/\/www.oparanews.com.br\/index.php\/wp-json\/wp\/v2\/posts"}],"about":[{"href":"https:\/\/www.oparanews.com.br\/index.php\/wp-json\/wp\/v2\/types\/post"}],"author":[{"embeddable":true,"href":"https:\/\/www.oparanews.com.br\/index.php\/wp-json\/wp\/v2\/users\/2"}],"replies":[{"embeddable":true,"href":"https:\/\/www.oparanews.com.br\/index.php\/wp-json\/wp\/v2\/comments?post=22752"}],"version-history":[{"count":1,"href":"https:\/\/www.oparanews.com.br\/index.php\/wp-json\/wp\/v2\/posts\/22752\/revisions"}],"predecessor-version":[{"id":22754,"href":"https:\/\/www.oparanews.com.br\/index.php\/wp-json\/wp\/v2\/posts\/22752\/revisions\/22754"}],"wp:featuredmedia":[{"embeddable":true,"href":"https:\/\/www.oparanews.com.br\/index.php\/wp-json\/wp\/v2\/media\/22753"}],"wp:attachment":[{"href":"https:\/\/www.oparanews.com.br\/index.php\/wp-json\/wp\/v2\/media?parent=22752"}],"wp:term":[{"taxonomy":"category","embeddable":true,"href":"https:\/\/www.oparanews.com.br\/index.php\/wp-json\/wp\/v2\/categories?post=22752"},{"taxonomy":"post_tag","embeddable":true,"href":"https:\/\/www.oparanews.com.br\/index.php\/wp-json\/wp\/v2\/tags?post=22752"}],"curies":[{"name":"wp","href":"https:\/\/api.w.org\/{rel}","templated":true}]}}