{"id":22758,"date":"2022-04-02T21:29:28","date_gmt":"2022-04-03T00:29:28","guid":{"rendered":"https:\/\/oparanews.com.br\/?p=22758"},"modified":"2022-04-02T21:29:28","modified_gmt":"2022-04-03T00:29:28","slug":"sobe-para-13-numero-de-mortos-por-temporal-no-rio-de-janeiro","status":"publish","type":"post","link":"https:\/\/www.oparanews.com.br\/index.php\/2022\/04\/02\/sobe-para-13-numero-de-mortos-por-temporal-no-rio-de-janeiro\/","title":{"rendered":"Sobe para 13 n\u00famero de mortos por temporal no Rio de Janeiro"},"content":{"rendered":"<p>Subiu para 13 o n\u00famero de mortos ap\u00f3s o temporal que atingiu o Rio de Janeiro. Os munic\u00edpios de Angra dos Reis e Paraty, no litoral sul fluminense, est\u00e3o entre os mais atingidos pelo temporal, que tamb\u00e9m afetou munic\u00edpios da regi\u00e3o metropolitana do Rio de Janeiro.<\/p>\n<p>&nbsp;<\/p>\n<p>A primeira morte confirmada foi em Mesquita, conforme informou o Corpo de Bombeiros neste s\u00e1bado, 2. Entre as v\u00edtimas das chuvas que caem na regi\u00e3o metropolitana e na Costa Verde desde a noite de sexta-feira, 1\u00ba, est\u00e3o sete pessoas de uma mesma fam\u00edlia.<\/p>\n<p>&nbsp;<\/p>\n<p>As v\u00edtimas foram a m\u00e3e Lucimar e seis filhos: Jo\u00e3o, de dois anos, Estev\u00e3o, de cinco anos, Yasmim, de oito anos, Jasmin, de 10 anos, e Luciano, de 15 anos e Lucimara de Jesus Campos, 17 anos. Um s\u00e9timo filho foi resgatado com vida e est\u00e1 estabilizado neste momento no Hospital Municipal Hugo Miranda.<\/p>\n<p>&nbsp;<\/p>\n<p>Segundo a Prefeitura de Paraty, 219 fam\u00edlias foram atingidas por alagamento ou perdas materiais, em 22 bairros do munic\u00edpio. H\u00e1 15 fam\u00edlias desalojadas e abrigadas em escolas municipais.<\/p>\n<p>&nbsp;<\/p>\n<p>O presidente Jair Bolsonaro disse, em suas redes sociais, que o secret\u00e1rio nacional de Prote\u00e7\u00e3o e Defesa Civil, coronel Alexandre Lucas, est\u00e1 no Rio de Janeiro ajudando nas a\u00e7\u00f5es de resposta e no socorro \u00e0s v\u00edtimas do temporal. Al\u00e9m disso, o presidente afirmou que acionou aeronaves para transportar os militares do Corpo de Bombeiros para as regi\u00f5es mais afetadas.<\/p>\n<p>&nbsp;<\/p>\n<p>At\u00e9 o momento foram encontradas cinco v\u00edtimas de deslizamento, entre elas uma menina de aparentemente 4 anos e um menino de 11 anos. Outras pessoas permanecem desaparecidas. De acordo com a Prefeitura de Angra dos Reis, choveu nas \u00faltimas 48 horas o equivalente a 655 mil\u00edmetros, um recorde.<\/p>\n<p>&nbsp;<\/p>\n<p><strong>Angra dos Reis<\/strong><\/p>\n<p>&nbsp;<\/p>\n<p>Em Angra dos Reis, uma pessoa tamb\u00e9m morreu, segundo a prefeitura da cidade, e pelo menos outras 10 ainda est\u00e3o desaparecidas. Na cidade, os desabamentos atingiram ao menos quatro casas no bairro Monsuaba.<\/p>\n<p>&nbsp;<\/p>\n<p>Segundo a administra\u00e7\u00e3o da cidade uma das mais atingidas, o munic\u00edpio registrou volume recorde de chuvas nas \u00faltimas 48 horas: quase 700 mil\u00edmetros no continente e 600 mm na Ilha Grande. Todas as 28 sirenes do sistema de alerta em \u00e1reas de risco soaram durante a madrugada deste s\u00e1bado.<\/p>\n<p>&nbsp;<\/p>\n<p>Moradores s\u00e3o orientados a ficar em casa e sair s\u00f3 em caso de alerta de risco de deslizamento ou alagamento. Pelo menos 13 pessoas ficaram desalojadas e precisaram ser acolhidas em abrigos montados pela prefeitura.<\/p>\n<p>&nbsp;<\/p>\n<p>Houve deslizamentos de encostas em v\u00e1rios pontos, o que interrompeu a circula\u00e7\u00e3o de \u00f4nibus que ligam o centro de Angra aos bairros de Jacuecanga, Monsuaba, Ponta Leste e Concei\u00e7\u00e3o de Jacare\u00ed, a pedido da prefeitura. Outra linhas operavam com restri\u00e7\u00f5es nesta manh\u00e3.<\/p>\n<p>&nbsp;<\/p>\n<p><strong>Manh\u00e3 de temporal<\/strong><\/p>\n<p>&nbsp;<\/p>\n<p>A Pol\u00edcia Rodovi\u00e1ria Federal informou que a Rodovia Rio-Santos, BR-101 amanheceu ainda sob chuva intensa e com v\u00e1rios pontos de interdi\u00e7\u00e3o, parcial e total, por causa de deslizamentos e alagamentos. O tr\u00e2nsito foi totalmente interrompido em ao menos oito trechos da BR-101, entre os quil\u00f4metros 446 e 599.<\/p>\n<p>&nbsp;<\/p>\n<p>Em Angra, havia dois pontos de interdi\u00e7\u00e3o por queda de \u00e1rvore e barreira. Em Paraty, a interrup\u00e7\u00e3o era na altura do km 529 e em Mangaratiba, havia quatro pontos de bloqueio. A PRF informou que havia ainda diversos outros pontos de interdi\u00e7\u00e3o parcial ainda n\u00e3o mapeados &#8220;devido \u00e0 impossibilidade de acesso&#8221;.<\/p>\n<p>&nbsp;<\/p>\n<p>Segundo informa\u00e7\u00f5es do Alerta Rio, h\u00e1 previs\u00e3o de chuva fraca nas pr\u00f3ximas horas no entorno da capital, principalmente na regi\u00e3o costeira. A cidade estava em est\u00e1gio de alerta desde o fim da noite de sexta-feira, 1, por causa do temporal. Cerca de 57 sirenes foram acionadas em 31 comunidades, segundo o Centro de Opera\u00e7\u00f5es Rio.<\/p>\n<p>&nbsp;<\/p>\n<p>Apesar do alerta, os \u00f3rg\u00e3os orientam que a popula\u00e7\u00e3o pode seguir a rotina normalmente. No entanto, pede aten\u00e7\u00e3o aos moradores das regi\u00f5es mais afetadas para ficarem atentos \u00e0s atualiza\u00e7\u00f5es dos canais de comunica\u00e7\u00e3o, al\u00e9m de se cadastrar no servi\u00e7o de alertas da Defesa Civil via SMS.<\/p>\n<p>&nbsp;<\/p>\n<p>Conforme o Centro de Opera\u00e7\u00f5es do Rio, entre 8h e 8h15, houve registro de chuva moderada em Sepetiba. J\u00e1 a chuva fraca foi acompanhada na Barra, Centro, Recreio dos Bandeirantes e Avenida Brasil.<\/p>\n<p>&nbsp;<\/p>\n<p>Em sua conta oficial do Twitter, o prefeito do Rio Eduardo Paes (PSD) compartilhou um v\u00eddeo apontando algumas regi\u00f5es que ainda precisam de uma aten\u00e7\u00e3o redobrada. &#8220;Meu pedido para voc\u00eas \u00e9: fiquem atentos, se puderem evitar fazer deslocamento desnecess\u00e1rio, a gente agradece&#8221;, ressaltou.<\/p>\n<p>&nbsp;<\/p>\n<p>Ainda devemos ter um dia de chuvas. \u00c0 princ\u00edpio a previs\u00e3o \u00e9 de chuvas fracas a moderadas. Alguns bairros da cidade, principalmente os pr\u00f3ximos ao litoral ainda enfrentam alagamentos. Pe\u00e7o a aten\u00e7\u00e3o de todos em seus deslocamentos.<\/p>\n<p>&nbsp;<\/p>\n<p>&nbsp;<\/p>\n<p><strong>Com informa\u00e7\u00f5es da Ansa e da Reda\u00e7\u00e3o Terra<\/strong><\/p>\n","protected":false},"excerpt":{"rendered":"<p>Subiu para 13 o n\u00famero de mortos ap\u00f3s o temporal que atingiu o Rio de Janeiro. Os munic\u00edpios de Angra dos Reis e Paraty, no litoral sul fluminense, est\u00e3o entre os mais atingidos pelo temporal, que tamb\u00e9m afetou munic\u00edpios da regi\u00e3o metropolitana do Rio de Janeiro. &nbsp; A primeira morte confirmada foi em Mesquita, conforme &hellip;<\/p>\n","protected":false},"author":2,"featured_media":22759,"comment_status":"open","ping_status":"open","sticky":false,"template":"","format":"standard","meta":{"_jetpack_memberships_contains_paid_content":false,"footnotes":""},"categories":[5],"tags":[],"class_list":["post-22758","post","type-post","status-publish","format-standard","has-post-thumbnail","hentry","category-brasil-mundo"],"jetpack_featured_media_url":"https:\/\/www.oparanews.com.br\/wp-content\/uploads\/2022\/04\/angra-r17tk3knrplw.webp","jetpack_sharing_enabled":true,"_links":{"self":[{"href":"https:\/\/www.oparanews.com.br\/index.php\/wp-json\/wp\/v2\/posts\/22758","targetHints":{"allow":["GET"]}}],"collection":[{"href":"https:\/\/www.oparanews.com.br\/index.php\/wp-json\/wp\/v2\/posts"}],"about":[{"href":"https:\/\/www.oparanews.com.br\/index.php\/wp-json\/wp\/v2\/types\/post"}],"author":[{"embeddable":true,"href":"https:\/\/www.oparanews.com.br\/index.php\/wp-json\/wp\/v2\/users\/2"}],"replies":[{"embeddable":true,"href":"https:\/\/www.oparanews.com.br\/index.php\/wp-json\/wp\/v2\/comments?post=22758"}],"version-history":[{"count":1,"href":"https:\/\/www.oparanews.com.br\/index.php\/wp-json\/wp\/v2\/posts\/22758\/revisions"}],"predecessor-version":[{"id":22760,"href":"https:\/\/www.oparanews.com.br\/index.php\/wp-json\/wp\/v2\/posts\/22758\/revisions\/22760"}],"wp:featuredmedia":[{"embeddable":true,"href":"https:\/\/www.oparanews.com.br\/index.php\/wp-json\/wp\/v2\/media\/22759"}],"wp:attachment":[{"href":"https:\/\/www.oparanews.com.br\/index.php\/wp-json\/wp\/v2\/media?parent=22758"}],"wp:term":[{"taxonomy":"category","embeddable":true,"href":"https:\/\/www.oparanews.com.br\/index.php\/wp-json\/wp\/v2\/categories?post=22758"},{"taxonomy":"post_tag","embeddable":true,"href":"https:\/\/www.oparanews.com.br\/index.php\/wp-json\/wp\/v2\/tags?post=22758"}],"curies":[{"name":"wp","href":"https:\/\/api.w.org\/{rel}","templated":true}]}}