{"id":22774,"date":"2022-04-02T21:47:32","date_gmt":"2022-04-03T00:47:32","guid":{"rendered":"https:\/\/oparanews.com.br\/?p=22774"},"modified":"2022-04-02T21:47:32","modified_gmt":"2022-04-03T00:47:32","slug":"klever-loureiro-e-o-novo-governador-de-alagoas","status":"publish","type":"post","link":"https:\/\/www.oparanews.com.br\/index.php\/2022\/04\/02\/klever-loureiro-e-o-novo-governador-de-alagoas\/","title":{"rendered":"Klever Loureiro \u00e9 o novo Governador de Alagoas"},"content":{"rendered":"<p>O desembargador Klever Loureiro tomou posse na tarde desta s\u00e1bado (02) como novo governador de Alagoas, em solenidade realizada no Museu Pal\u00e1cio Floriano Peixoto (MUPA). Ele assumiu o cargo em decorr\u00eancia da ren\u00fancia do agora ex-governador Renan Filho e ap\u00f3s a declina\u00e7\u00e3o do presidente da Assembleia Legislativa do Estado, Marcelo Victor.<\/p>\n<p>&nbsp;<\/p>\n<p>Com a aus\u00eancia de vice-governador, o magistrado era o segundo na linha sucess\u00f3ria governamental, sendo licenciado da presid\u00eancia do Tribunal de Justi\u00e7a. A solenidade contou com a presen\u00e7a de desembargadores, deputados estaduais, secret\u00e1rios de Estado, oficiais militares, demais autoridades e familiares.<\/p>\n<p>&nbsp;<\/p>\n<p>Em seu discurso de posse, o governador Klever Loureiro destacou que Alagoas \u00e9 um exemplo de democracia, pois os tr\u00eas poderes &#8211; Executivo, Legislativo e Judici\u00e1rio &#8211; convivem harmoniosamente, o que o faz trabalhar para honrar com os compromissos deixados pelo ex-governador.<\/p>\n<p>&nbsp;<\/p>\n<p>\u201c\u00c9 um momento hist\u00f3rico na carreira de um magistrado. Nunca pensei, nem em sonhos, que um dia eu poderia governar meu estado\u201d, afirmou, bastante emocionado.<\/p>\n<p>&nbsp;<\/p>\n<p>\u201cAssumo esse compromisso e seguirei com a mesma \u00e9tica e o mesmo norte que seguiu o governador Renan Filho. Fa\u00e7o consignar tamb\u00e9m o velho prov\u00e9rbio: time que est\u00e1 ganhando, n\u00e3o se mexe. Ele deixou a m\u00e1quina pronta e farei isso com a \u00e9tica que o cargo exige, com a minha simplicidade e respeitando os demais poderes, pois Alagoas \u00e9 um exemplo da pura democracia\u201d, disse.<\/p>\n<p>&nbsp;<\/p>\n<p>Klever Loureiro permanece no cargo por 30 dias at\u00e9 a realiza\u00e7\u00e3o da elei\u00e7\u00e3o indireta pela Assembleia Legislativa do Estado, que ser\u00e1 realizada no dia 2 de maio, para a escolha do novo governador de Alagoas. Durante este per\u00edodo, o Tribunal de Justi\u00e7a fica sob a presid\u00eancia do desembargador Jos\u00e9 Carlos Malta Marques.<\/p>\n<p>&nbsp;<\/p>\n<p>&nbsp;<\/p>\n<p><strong>por Rafael Maynart &#8211; Ascom<\/strong><\/p>\n","protected":false},"excerpt":{"rendered":"<p>O desembargador Klever Loureiro tomou posse na tarde desta s\u00e1bado (02) como novo governador de Alagoas, em solenidade realizada no Museu Pal\u00e1cio Floriano Peixoto (MUPA). Ele assumiu o cargo em decorr\u00eancia da ren\u00fancia do agora ex-governador Renan Filho e ap\u00f3s a declina\u00e7\u00e3o do presidente da Assembleia Legislativa do Estado, Marcelo Victor. &nbsp; Com a aus\u00eancia &hellip;<\/p>\n","protected":false},"author":2,"featured_media":22775,"comment_status":"open","ping_status":"open","sticky":false,"template":"","format":"standard","meta":{"_jetpack_memberships_contains_paid_content":false,"footnotes":""},"categories":[4],"tags":[],"class_list":["post-22774","post","type-post","status-publish","format-standard","has-post-thumbnail","hentry","category-alagoas"],"jetpack_featured_media_url":"https:\/\/www.oparanews.com.br\/wp-content\/uploads\/2022\/04\/klever-loureiro-e-o-novo-governador-de-alagoas.jpeg","jetpack_sharing_enabled":true,"_links":{"self":[{"href":"https:\/\/www.oparanews.com.br\/index.php\/wp-json\/wp\/v2\/posts\/22774","targetHints":{"allow":["GET"]}}],"collection":[{"href":"https:\/\/www.oparanews.com.br\/index.php\/wp-json\/wp\/v2\/posts"}],"about":[{"href":"https:\/\/www.oparanews.com.br\/index.php\/wp-json\/wp\/v2\/types\/post"}],"author":[{"embeddable":true,"href":"https:\/\/www.oparanews.com.br\/index.php\/wp-json\/wp\/v2\/users\/2"}],"replies":[{"embeddable":true,"href":"https:\/\/www.oparanews.com.br\/index.php\/wp-json\/wp\/v2\/comments?post=22774"}],"version-history":[{"count":1,"href":"https:\/\/www.oparanews.com.br\/index.php\/wp-json\/wp\/v2\/posts\/22774\/revisions"}],"predecessor-version":[{"id":22776,"href":"https:\/\/www.oparanews.com.br\/index.php\/wp-json\/wp\/v2\/posts\/22774\/revisions\/22776"}],"wp:featuredmedia":[{"embeddable":true,"href":"https:\/\/www.oparanews.com.br\/index.php\/wp-json\/wp\/v2\/media\/22775"}],"wp:attachment":[{"href":"https:\/\/www.oparanews.com.br\/index.php\/wp-json\/wp\/v2\/media?parent=22774"}],"wp:term":[{"taxonomy":"category","embeddable":true,"href":"https:\/\/www.oparanews.com.br\/index.php\/wp-json\/wp\/v2\/categories?post=22774"},{"taxonomy":"post_tag","embeddable":true,"href":"https:\/\/www.oparanews.com.br\/index.php\/wp-json\/wp\/v2\/tags?post=22774"}],"curies":[{"name":"wp","href":"https:\/\/api.w.org\/{rel}","templated":true}]}}