{"id":22809,"date":"2022-04-04T16:35:29","date_gmt":"2022-04-04T19:35:29","guid":{"rendered":"https:\/\/oparanews.com.br\/?p=22809"},"modified":"2022-04-04T16:39:01","modified_gmt":"2022-04-04T19:39:01","slug":"numero-de-pessoas-em-isolamento-domiciliar-por-covid-19-recua-88-em-um-mes","status":"publish","type":"post","link":"https:\/\/www.oparanews.com.br\/index.php\/2022\/04\/04\/numero-de-pessoas-em-isolamento-domiciliar-por-covid-19-recua-88-em-um-mes\/","title":{"rendered":"N\u00famero de pessoas em isolamento domiciliar por Covid-19 em AL recua 88% em um m\u00eas"},"content":{"rendered":"<p>Em Alagoas, o n\u00famero de pessoas em isolamento domiciliar por causa da Covid-19 caiu 88% em um m\u00eas, de acordo com dados da Secretaria de Estado da Sa\u00fade (Sesau). Eram 1.370 pessoas isoladas com a doen\u00e7a no come\u00e7o de mar\u00e7o e, no \u00faltimo dia 1\u00b0 de abril, esse n\u00famero era de 152 pessoas.<\/p>\n<p>&nbsp;<\/p>\n<p>Especialistas apontam que esse recuo \u00e9 resultado da vacina\u00e7\u00e3o. Em Alagoas, j\u00e1 s\u00e3o mais de 5,5 milh\u00f5es de doses aplicadas das vacinas compradas e enviadas pelo Governo Federal. A queda na quantidade de pessoas infectadas com a doen\u00e7a indica tamb\u00e9m uma diminui\u00e7\u00e3o na transmiss\u00e3o.<\/p>\n<p>&nbsp;<\/p>\n<p>Outro indicador que apresenta queda significativa \u00e9 o de testes realizados para diagnosticar a Covid-19. Em mar\u00e7o, o recuo foi de 79%, saindo de 5.636 testes realizados em fevereiro, para 1.181 realizados no m\u00eas passado.<\/p>\n<p>&nbsp;<\/p>\n<p>Contudo, n\u00famero mais expressivo ainda \u00e9 o da positividade. Isso porque, dos 1.181 testes realizados, apenas 32, o que representa 2% do total, deram positivo. Nos primeiros tr\u00eas dias de abril j\u00e1 foram realizados 47 testes, sendo que nenhum deu positivo.<\/p>\n<p>&nbsp;<\/p>\n<p>&nbsp;<\/p>\n<p><strong>por Hebert Borges &#8211; Gazetaweb<\/strong><\/p>\n","protected":false},"excerpt":{"rendered":"<p>Em Alagoas, o n\u00famero de pessoas em isolamento domiciliar por causa da Covid-19 caiu 88% em um m\u00eas, de acordo com dados da Secretaria de Estado da Sa\u00fade (Sesau). Eram 1.370 pessoas isoladas com a doen\u00e7a no come\u00e7o de mar\u00e7o e, no \u00faltimo dia 1\u00b0 de abril, esse n\u00famero era de 152 pessoas. &nbsp; Especialistas &hellip;<\/p>\n","protected":false},"author":2,"featured_media":22344,"comment_status":"open","ping_status":"open","sticky":false,"template":"","format":"standard","meta":{"_jetpack_memberships_contains_paid_content":false,"footnotes":""},"categories":[4,1],"tags":[],"class_list":["post-22809","post","type-post","status-publish","format-standard","has-post-thumbnail","hentry","category-alagoas","category-destaque"],"jetpack_featured_media_url":"https:\/\/www.oparanews.com.br\/wp-content\/uploads\/2022\/03\/recuperado-covid-19-1.jpg","jetpack_sharing_enabled":true,"_links":{"self":[{"href":"https:\/\/www.oparanews.com.br\/index.php\/wp-json\/wp\/v2\/posts\/22809","targetHints":{"allow":["GET"]}}],"collection":[{"href":"https:\/\/www.oparanews.com.br\/index.php\/wp-json\/wp\/v2\/posts"}],"about":[{"href":"https:\/\/www.oparanews.com.br\/index.php\/wp-json\/wp\/v2\/types\/post"}],"author":[{"embeddable":true,"href":"https:\/\/www.oparanews.com.br\/index.php\/wp-json\/wp\/v2\/users\/2"}],"replies":[{"embeddable":true,"href":"https:\/\/www.oparanews.com.br\/index.php\/wp-json\/wp\/v2\/comments?post=22809"}],"version-history":[{"count":2,"href":"https:\/\/www.oparanews.com.br\/index.php\/wp-json\/wp\/v2\/posts\/22809\/revisions"}],"predecessor-version":[{"id":22816,"href":"https:\/\/www.oparanews.com.br\/index.php\/wp-json\/wp\/v2\/posts\/22809\/revisions\/22816"}],"wp:featuredmedia":[{"embeddable":true,"href":"https:\/\/www.oparanews.com.br\/index.php\/wp-json\/wp\/v2\/media\/22344"}],"wp:attachment":[{"href":"https:\/\/www.oparanews.com.br\/index.php\/wp-json\/wp\/v2\/media?parent=22809"}],"wp:term":[{"taxonomy":"category","embeddable":true,"href":"https:\/\/www.oparanews.com.br\/index.php\/wp-json\/wp\/v2\/categories?post=22809"},{"taxonomy":"post_tag","embeddable":true,"href":"https:\/\/www.oparanews.com.br\/index.php\/wp-json\/wp\/v2\/tags?post=22809"}],"curies":[{"name":"wp","href":"https:\/\/api.w.org\/{rel}","templated":true}]}}