{"id":22828,"date":"2022-04-05T15:44:06","date_gmt":"2022-04-05T18:44:06","guid":{"rendered":"https:\/\/oparanews.com.br\/?p=22828"},"modified":"2022-04-05T15:44:06","modified_gmt":"2022-04-05T18:44:06","slug":"festa-literaria-de-penedo-esta-com-programacao-definida","status":"publish","type":"post","link":"https:\/\/www.oparanews.com.br\/index.php\/2022\/04\/05\/festa-literaria-de-penedo-esta-com-programacao-definida\/","title":{"rendered":"Festa Liter\u00e1ria de Penedo est\u00e1 com programa\u00e7\u00e3o definida"},"content":{"rendered":"<p>A programa\u00e7\u00e3o da Festa Liter\u00e1ria de Penedo (Flipenedo) est\u00e1 fechada. Durante os dias 28, 29 e 30 de abril, a cidade ber\u00e7o da cultura alagoana ter\u00e1 feira de livros, sarau liter\u00e1rio, oficina de escrita criativa, conta\u00e7\u00e3o de hist\u00f3ria, palestras, debates, recitais de poesia e shows musicais.<\/p>\n<p>&nbsp;<\/p>\n<p>Antes de tudo isso, a Flipenedo abre no pr\u00f3ximo dia 23 a Sala da Criatividade na Escola Municipal Bar\u00e3o de Penedo, atividade para professores da rede p\u00fablica coordenada pelo ator e produtor cultural Chico de Assis e a atriz penedense Daniela Cattivaz.<\/p>\n<p>&nbsp;<\/p>\n<p>A festa liter\u00e1ria tem concurso de reda\u00e7\u00e3o para estudantes das escolas de Penedo e reserva para a noite de sexta-feira, 29, a premia\u00e7\u00e3o do 8\u00ba Concurso Liter\u00e1rio Cidade do Penedo, organizado pela APLACC (Academia Penedense de Letras, Artes, Cultura e Ci\u00eancia) com apoio do governo Ronaldo Lopes.<\/p>\n<p>&nbsp;<\/p>\n<p>A Flipenedo \u00e9 mais um evento que a gest\u00e3o Crescendo Com Seu Povo promove para estimular o interc\u00e2mbio entre penedenses e produtores culturais, resgatando a import\u00e2ncia do munic\u00edpio no cen\u00e1rio alagoano.<\/p>\n<p>&nbsp;<\/p>\n<p>Ao mesmo tempo, a Prefeitura de Penedo investe na amplia\u00e7\u00e3o do calend\u00e1rio de eventos da Secretaria Municipal de Cultura, Lazer e Juventude, estimulando a gera\u00e7\u00e3o de emprego e renda na cidade que recupera e cuida do seu patrim\u00f4nio.<\/p>\n<p>&nbsp;<\/p>\n<p>Confira abaixo a programa\u00e7\u00e3o completa da Festa Liter\u00e1ria de Penedo<\/p>\n<p>&nbsp;<\/p>\n<p><strong><a href=\"https:\/\/penedo.al.gov.br\/wp-content\/uploads\/2022\/04\/Programacao-FLIPENEDO-2022.docx-1.pdf\">Programa\u00e7\u00e3o FLIPENEDO 2022.docx (1)<\/a><\/strong><\/p>\n<p>&nbsp;<\/p>\n<p><strong>Fonte: Decom PMP<\/strong><\/p>\n","protected":false},"excerpt":{"rendered":"<p>A programa\u00e7\u00e3o da Festa Liter\u00e1ria de Penedo (Flipenedo) est\u00e1 fechada. Durante os dias 28, 29 e 30 de abril, a cidade ber\u00e7o da cultura alagoana ter\u00e1 feira de livros, sarau liter\u00e1rio, oficina de escrita criativa, conta\u00e7\u00e3o de hist\u00f3ria, palestras, debates, recitais de poesia e shows musicais. &nbsp; Antes de tudo isso, a Flipenedo abre no &hellip;<\/p>\n","protected":false},"author":2,"featured_media":22829,"comment_status":"open","ping_status":"open","sticky":false,"template":"","format":"standard","meta":{"_jetpack_memberships_contains_paid_content":false,"footnotes":""},"categories":[1,3],"tags":[],"class_list":["post-22828","post","type-post","status-publish","format-standard","has-post-thumbnail","hentry","category-destaque","category-penedo"],"jetpack_featured_media_url":"https:\/\/www.oparanews.com.br\/wp-content\/uploads\/2022\/04\/flipenedo-card.png","jetpack_sharing_enabled":true,"_links":{"self":[{"href":"https:\/\/www.oparanews.com.br\/index.php\/wp-json\/wp\/v2\/posts\/22828","targetHints":{"allow":["GET"]}}],"collection":[{"href":"https:\/\/www.oparanews.com.br\/index.php\/wp-json\/wp\/v2\/posts"}],"about":[{"href":"https:\/\/www.oparanews.com.br\/index.php\/wp-json\/wp\/v2\/types\/post"}],"author":[{"embeddable":true,"href":"https:\/\/www.oparanews.com.br\/index.php\/wp-json\/wp\/v2\/users\/2"}],"replies":[{"embeddable":true,"href":"https:\/\/www.oparanews.com.br\/index.php\/wp-json\/wp\/v2\/comments?post=22828"}],"version-history":[{"count":1,"href":"https:\/\/www.oparanews.com.br\/index.php\/wp-json\/wp\/v2\/posts\/22828\/revisions"}],"predecessor-version":[{"id":22830,"href":"https:\/\/www.oparanews.com.br\/index.php\/wp-json\/wp\/v2\/posts\/22828\/revisions\/22830"}],"wp:featuredmedia":[{"embeddable":true,"href":"https:\/\/www.oparanews.com.br\/index.php\/wp-json\/wp\/v2\/media\/22829"}],"wp:attachment":[{"href":"https:\/\/www.oparanews.com.br\/index.php\/wp-json\/wp\/v2\/media?parent=22828"}],"wp:term":[{"taxonomy":"category","embeddable":true,"href":"https:\/\/www.oparanews.com.br\/index.php\/wp-json\/wp\/v2\/categories?post=22828"},{"taxonomy":"post_tag","embeddable":true,"href":"https:\/\/www.oparanews.com.br\/index.php\/wp-json\/wp\/v2\/tags?post=22828"}],"curies":[{"name":"wp","href":"https:\/\/api.w.org\/{rel}","templated":true}]}}