{"id":22837,"date":"2022-04-06T20:54:45","date_gmt":"2022-04-06T23:54:45","guid":{"rendered":"https:\/\/oparanews.com.br\/?p=22837"},"modified":"2022-04-06T20:54:45","modified_gmt":"2022-04-06T23:54:45","slug":"com-dados-acumulados-alagoas-registra-292-casos-de-covid-e-3-mortes","status":"publish","type":"post","link":"https:\/\/www.oparanews.com.br\/index.php\/2022\/04\/06\/com-dados-acumulados-alagoas-registra-292-casos-de-covid-e-3-mortes\/","title":{"rendered":"Com dados acumulados, Alagoas registra 292 casos de Covid e 3 mortes"},"content":{"rendered":"<p>A Secretaria da Sa\u00fade (Sesau) atualizou, nesta quarta-feira (6), o n\u00famero de casos conhecidos de Covid em Alagoas. Foram inclu\u00eddos 292 novos casos da doen\u00e7a no boletim epidemiol\u00f3gico, por\u00e9m, 261 s\u00e3o casos antigos que s\u00f3 foram notificados agora, de pacientes que j\u00e1 se recuperaram.<\/p>\n<p>&nbsp;<\/p>\n<p>Na contagem total, desde o in\u00edcio da pandemia at\u00e9 o momento, 296.559 pessoas foram infectadas pelo coronav\u00edrus no estado. O boletim mostra ainda que mais tr\u00eas pessoas morreram por causa da doen\u00e7a e o n\u00famero de \u00f3bitos subiu para 6.896 em Alagoas.<\/p>\n<p>&nbsp;<\/p>\n<p>170 pessoas receberam a recomenda\u00e7\u00e3o m\u00e9dica de manter o isolamento domiciliar at\u00e9 o fim dos sintomas. Outras 289.222 est\u00e3o recuperados.<\/p>\n<p>&nbsp;<\/p>\n<p>Na fila de espera pelo resultado de exames est\u00e3o 1.398 pacientes, sob investiga\u00e7\u00e3o epidemiol\u00f3gica.<\/p>\n<p>&nbsp;<\/p>\n<p>Dos 238 leitos exclusivos para casos de Covid e influenza, 289 estavam ocupados at\u00e9 as 16 horas dessa quarta (6), o que corresponde a 12% do total.<\/p>\n<p>&nbsp;<\/p>\n<p>Considerando apenas os leitos de UTI, a taxa de ocupa\u00e7\u00e3o no estado \u00e9 de 16%. O percentual de ocupa\u00e7\u00e3o em Macei\u00f3 \u00e9 de 20%. No interior, a taxa de ocupa\u00e7\u00e3o de UTIs \u00e9 de 10 %.<\/p>\n<p>&nbsp;<\/p>\n<p><strong>Mais 3 mortes por Covid em Alagoas<\/strong><\/p>\n<p>&nbsp;<\/p>\n<p>Macei\u00f3: homem, 70 anos &#8211; era diab\u00e9tico<br \/>\nMacei\u00f3: mulher, 80 anos &#8211; era diab\u00e9tica<br \/>\nPilar: homem, 79 anos &#8211; tinha doen\u00e7a cardiovascular cr\u00f4nica<\/p>\n<p>&nbsp;<\/p>\n<p>&nbsp;<\/p>\n<p><strong>Fonte: G1\/AL<\/strong><\/p>\n","protected":false},"excerpt":{"rendered":"<p>A Secretaria da Sa\u00fade (Sesau) atualizou, nesta quarta-feira (6), o n\u00famero de casos conhecidos de Covid em Alagoas. Foram inclu\u00eddos 292 novos casos da doen\u00e7a no boletim epidemiol\u00f3gico, por\u00e9m, 261 s\u00e3o casos antigos que s\u00f3 foram notificados agora, de pacientes que j\u00e1 se recuperaram. &nbsp; Na contagem total, desde o in\u00edcio da pandemia at\u00e9 o &hellip;<\/p>\n","protected":false},"author":2,"featured_media":22249,"comment_status":"open","ping_status":"open","sticky":false,"template":"","format":"standard","meta":{"_jetpack_memberships_contains_paid_content":false,"footnotes":""},"categories":[4,1],"tags":[],"class_list":["post-22837","post","type-post","status-publish","format-standard","has-post-thumbnail","hentry","category-alagoas","category-destaque"],"jetpack_featured_media_url":"https:\/\/www.oparanews.com.br\/wp-content\/uploads\/2022\/03\/covid_eQ6mXR5.jpg","jetpack_sharing_enabled":true,"_links":{"self":[{"href":"https:\/\/www.oparanews.com.br\/index.php\/wp-json\/wp\/v2\/posts\/22837","targetHints":{"allow":["GET"]}}],"collection":[{"href":"https:\/\/www.oparanews.com.br\/index.php\/wp-json\/wp\/v2\/posts"}],"about":[{"href":"https:\/\/www.oparanews.com.br\/index.php\/wp-json\/wp\/v2\/types\/post"}],"author":[{"embeddable":true,"href":"https:\/\/www.oparanews.com.br\/index.php\/wp-json\/wp\/v2\/users\/2"}],"replies":[{"embeddable":true,"href":"https:\/\/www.oparanews.com.br\/index.php\/wp-json\/wp\/v2\/comments?post=22837"}],"version-history":[{"count":1,"href":"https:\/\/www.oparanews.com.br\/index.php\/wp-json\/wp\/v2\/posts\/22837\/revisions"}],"predecessor-version":[{"id":22838,"href":"https:\/\/www.oparanews.com.br\/index.php\/wp-json\/wp\/v2\/posts\/22837\/revisions\/22838"}],"wp:featuredmedia":[{"embeddable":true,"href":"https:\/\/www.oparanews.com.br\/index.php\/wp-json\/wp\/v2\/media\/22249"}],"wp:attachment":[{"href":"https:\/\/www.oparanews.com.br\/index.php\/wp-json\/wp\/v2\/media?parent=22837"}],"wp:term":[{"taxonomy":"category","embeddable":true,"href":"https:\/\/www.oparanews.com.br\/index.php\/wp-json\/wp\/v2\/categories?post=22837"},{"taxonomy":"post_tag","embeddable":true,"href":"https:\/\/www.oparanews.com.br\/index.php\/wp-json\/wp\/v2\/tags?post=22837"}],"curies":[{"name":"wp","href":"https:\/\/api.w.org\/{rel}","templated":true}]}}