{"id":22854,"date":"2022-04-06T21:32:18","date_gmt":"2022-04-07T00:32:18","guid":{"rendered":"https:\/\/oparanews.com.br\/?p=22854"},"modified":"2022-04-06T21:32:18","modified_gmt":"2022-04-07T00:32:18","slug":"brasil-registra-media-movel-de-173-mortes-menor-indice-em-78-dias","status":"publish","type":"post","link":"https:\/\/www.oparanews.com.br\/index.php\/2022\/04\/06\/brasil-registra-media-movel-de-173-mortes-menor-indice-em-78-dias\/","title":{"rendered":"Brasil registra m\u00e9dia m\u00f3vel de 173 mortes, menor \u00edndice em 78 dias"},"content":{"rendered":"<p>O Brasil registrou nesta quarta-feira, 196 mortes por Covid-19, elevando para 660.782 o total de vidas perdidas no pa\u00eds para o coronav\u00edrus. J\u00e1 a m\u00e9dia m\u00f3vel foi de 173 \u00f3bitos, o mais baixo desde 17 de janeiro, quando o \u00edndice ficou em 173. O n\u00famero registrado \u00e9 36% menor que o c\u00e1lculo de duas semanas atr\u00e1s, o que demonstra tend\u00eancia de queda. Cinco estados n\u00e3o registraram \u00f3bitos causados pela doen\u00e7a nas \u00faltimas 24 horas.<\/p>\n<p>&nbsp;<\/p>\n<p>Os dados s\u00e3o do cons\u00f3rcio formado por O GLOBO, Extra, G1, Folha de S.Paulo, UOL e O Estado de S. Paulo e re\u00fane informa\u00e7\u00f5es das secretarias estaduais de Sa\u00fade divulgadas diariamente at\u00e9 as 20h. A iniciativa dos ve\u00edculos da m\u00eddia foi criada a partir de inconsist\u00eancias nos dados apresentados pelo Minist\u00e9rio da Sa\u00fade.<\/p>\n<p>&nbsp;<\/p>\n<p>O pa\u00eds tamb\u00e9m registrou 28.451 casos de Covid-19 nas \u00faltimas 24 horas, totalizando 30.066.264 infectados pelo coronav\u00edrus desde o come\u00e7o da pandemia. A m\u00e9dia m\u00f3vel foi de 21.978 diagn\u00f3sticos positivos, 36% menor que o c\u00e1lculo de 15 dias atr\u00e1s, o que demonstra tend\u00eancia de queda.<\/p>\n<p>&nbsp;<\/p>\n<p>Os n\u00fameros de casos e mortes foram atualizados em 27 estados.<\/p>\n<p>&nbsp;<\/p>\n<p>A &#8220;m\u00e9dia m\u00f3vel de 7 dias&#8221; faz uma m\u00e9dia entre o n\u00famero do dia e dos seis anteriores. Ela \u00e9 comparada com m\u00e9dia de duas semanas atr\u00e1s para indicar se h\u00e1 tend\u00eancia de alta, estabilidade ou queda dos casos ou das mortes. O c\u00e1lculo \u00e9 um recurso estat\u00edstico para conseguir enxergar a tend\u00eancia dos dados abafando o ru\u00eddo&#8221; causado pelos finais de semana, quando a notifica\u00e7\u00e3o de mortes se reduz por escassez de funcion\u00e1rios em plant\u00e3o.<\/p>\n<p>&nbsp;<\/p>\n<p><strong>Vacina\u00e7\u00e3o<\/strong><\/p>\n<p>&nbsp;<\/p>\n<p>Ao todo, 22 unidades federativas do Brasil atualizaram seus dados sobre vacina\u00e7\u00e3o contra a Covid-19 nesta quarta. Em todo o pa\u00eds, 176.168.280 pessoas receberam a primeira dose de um imunizante, o equivalente a 82% da popula\u00e7\u00e3o brasileira.<\/p>\n<p>&nbsp;<\/p>\n<p>A segunda dose da vacina, por sua vez, foi aplicada em 161.626.084 pessoas, ou 75,23% da popula\u00e7\u00e3o nacional. J\u00e1 79.896.209 pessoas receberam uma dose de refor\u00e7o.<\/p>\n<p>&nbsp;<\/p>\n<p>At\u00e9 o momento, ao menos 10.970.866 crian\u00e7as de 5 a 11 anos j\u00e1 receberam a primeira dose contra a Covid-19. Esse valor representa 53,52% da faixa et\u00e1ria. A vacina\u00e7\u00e3o infantil nas capitais tem avan\u00e7o desigual, falhas de registro e atraso nos dados. Por isso, as estat\u00edsticas podem estar aqu\u00e9m da realidade. Apenas 18,34% das crian\u00e7as dessa faixa et\u00e1ria receberam a segunda dose.<\/p>\n<p>&nbsp;<\/p>\n<p>&nbsp;<\/p>\n<p>&nbsp;<\/p>\n<p><strong>Fonte: O Globo<\/strong><\/p>\n<p>&nbsp;<\/p>\n","protected":false},"excerpt":{"rendered":"<p>O Brasil registrou nesta quarta-feira, 196 mortes por Covid-19, elevando para 660.782 o total de vidas perdidas no pa\u00eds para o coronav\u00edrus. J\u00e1 a m\u00e9dia m\u00f3vel foi de 173 \u00f3bitos, o mais baixo desde 17 de janeiro, quando o \u00edndice ficou em 173. O n\u00famero registrado \u00e9 36% menor que o c\u00e1lculo de duas semanas &hellip;<\/p>\n","protected":false},"author":2,"featured_media":22855,"comment_status":"open","ping_status":"open","sticky":false,"template":"","format":"standard","meta":{"_jetpack_memberships_contains_paid_content":false,"footnotes":""},"categories":[5],"tags":[],"class_list":["post-22854","post","type-post","status-publish","format-standard","has-post-thumbnail","hentry","category-brasil-mundo"],"jetpack_featured_media_url":"https:\/\/www.oparanews.com.br\/wp-content\/uploads\/2022\/04\/97962342_RI-Rio-de-Janeiro-RJ-08-03-2022Pandemia-de-coronavirusno-primeiro-dia-de-liberacao-da.jpg","jetpack_sharing_enabled":true,"_links":{"self":[{"href":"https:\/\/www.oparanews.com.br\/index.php\/wp-json\/wp\/v2\/posts\/22854","targetHints":{"allow":["GET"]}}],"collection":[{"href":"https:\/\/www.oparanews.com.br\/index.php\/wp-json\/wp\/v2\/posts"}],"about":[{"href":"https:\/\/www.oparanews.com.br\/index.php\/wp-json\/wp\/v2\/types\/post"}],"author":[{"embeddable":true,"href":"https:\/\/www.oparanews.com.br\/index.php\/wp-json\/wp\/v2\/users\/2"}],"replies":[{"embeddable":true,"href":"https:\/\/www.oparanews.com.br\/index.php\/wp-json\/wp\/v2\/comments?post=22854"}],"version-history":[{"count":1,"href":"https:\/\/www.oparanews.com.br\/index.php\/wp-json\/wp\/v2\/posts\/22854\/revisions"}],"predecessor-version":[{"id":22856,"href":"https:\/\/www.oparanews.com.br\/index.php\/wp-json\/wp\/v2\/posts\/22854\/revisions\/22856"}],"wp:featuredmedia":[{"embeddable":true,"href":"https:\/\/www.oparanews.com.br\/index.php\/wp-json\/wp\/v2\/media\/22855"}],"wp:attachment":[{"href":"https:\/\/www.oparanews.com.br\/index.php\/wp-json\/wp\/v2\/media?parent=22854"}],"wp:term":[{"taxonomy":"category","embeddable":true,"href":"https:\/\/www.oparanews.com.br\/index.php\/wp-json\/wp\/v2\/categories?post=22854"},{"taxonomy":"post_tag","embeddable":true,"href":"https:\/\/www.oparanews.com.br\/index.php\/wp-json\/wp\/v2\/tags?post=22854"}],"curies":[{"name":"wp","href":"https:\/\/api.w.org\/{rel}","templated":true}]}}