{"id":22875,"date":"2022-04-07T17:24:46","date_gmt":"2022-04-07T20:24:46","guid":{"rendered":"https:\/\/oparanews.com.br\/?p=22875"},"modified":"2022-04-07T17:24:46","modified_gmt":"2022-04-07T20:24:46","slug":"homem-e-preso-suspeito-de-abusar-sexualmente-de-adolescente-em-rio-largo","status":"publish","type":"post","link":"https:\/\/www.oparanews.com.br\/index.php\/2022\/04\/07\/homem-e-preso-suspeito-de-abusar-sexualmente-de-adolescente-em-rio-largo\/","title":{"rendered":"Homem \u00e9 preso suspeito de abusar sexualmente de adolescente em Rio Largo"},"content":{"rendered":"<p>Um homem foi preso suspeito de ter abusado sexualmente de uma adolescente de 13 anos na Mata do Rolo em Rio Largo, regi\u00e3o metropolitana de Macei\u00f3. A pris\u00e3o aconteceu na quarta-feira (6) em cumprimento \u00e0 um mandado de pris\u00e3o tempor\u00e1ria.<\/p>\n<p>&nbsp;<\/p>\n<p>O suspeito, que n\u00e3o teve o nome divulgado, tem 49 anos. De acordo com as investiga\u00e7\u00f5es da Pol\u00edcia Civil, ele abusava da adolescente desde que ela tinha 12 anos de idade<\/p>\n<p>&nbsp;<\/p>\n<p>Os policiais explicaram que souberam do caso depois que o Conselho Tutelar registrou uma ocorr\u00eancia na pol\u00edcia. Aos policiais, o Conselho Tutelar disse que recebeu uma den\u00fancia an\u00f4nima do abuso contra a crian\u00e7a.<\/p>\n<p>&nbsp;<\/p>\n<p>&nbsp;<\/p>\n<p><strong>Fonte: G1\/AL<\/strong><\/p>\n","protected":false},"excerpt":{"rendered":"<p>Um homem foi preso suspeito de ter abusado sexualmente de uma adolescente de 13 anos na Mata do Rolo em Rio Largo, regi\u00e3o metropolitana de Macei\u00f3. A pris\u00e3o aconteceu na quarta-feira (6) em cumprimento \u00e0 um mandado de pris\u00e3o tempor\u00e1ria. &nbsp; O suspeito, que n\u00e3o teve o nome divulgado, tem 49 anos. De acordo com &hellip;<\/p>\n","protected":false},"author":2,"featured_media":22876,"comment_status":"open","ping_status":"open","sticky":false,"template":"","format":"standard","meta":{"_jetpack_memberships_contains_paid_content":false,"footnotes":""},"categories":[4],"tags":[],"class_list":["post-22875","post","type-post","status-publish","format-standard","has-post-thumbnail","hentry","category-alagoas"],"jetpack_featured_media_url":"https:\/\/www.oparanews.com.br\/wp-content\/uploads\/2022\/04\/web.webp","jetpack_sharing_enabled":true,"_links":{"self":[{"href":"https:\/\/www.oparanews.com.br\/index.php\/wp-json\/wp\/v2\/posts\/22875","targetHints":{"allow":["GET"]}}],"collection":[{"href":"https:\/\/www.oparanews.com.br\/index.php\/wp-json\/wp\/v2\/posts"}],"about":[{"href":"https:\/\/www.oparanews.com.br\/index.php\/wp-json\/wp\/v2\/types\/post"}],"author":[{"embeddable":true,"href":"https:\/\/www.oparanews.com.br\/index.php\/wp-json\/wp\/v2\/users\/2"}],"replies":[{"embeddable":true,"href":"https:\/\/www.oparanews.com.br\/index.php\/wp-json\/wp\/v2\/comments?post=22875"}],"version-history":[{"count":1,"href":"https:\/\/www.oparanews.com.br\/index.php\/wp-json\/wp\/v2\/posts\/22875\/revisions"}],"predecessor-version":[{"id":22877,"href":"https:\/\/www.oparanews.com.br\/index.php\/wp-json\/wp\/v2\/posts\/22875\/revisions\/22877"}],"wp:featuredmedia":[{"embeddable":true,"href":"https:\/\/www.oparanews.com.br\/index.php\/wp-json\/wp\/v2\/media\/22876"}],"wp:attachment":[{"href":"https:\/\/www.oparanews.com.br\/index.php\/wp-json\/wp\/v2\/media?parent=22875"}],"wp:term":[{"taxonomy":"category","embeddable":true,"href":"https:\/\/www.oparanews.com.br\/index.php\/wp-json\/wp\/v2\/categories?post=22875"},{"taxonomy":"post_tag","embeddable":true,"href":"https:\/\/www.oparanews.com.br\/index.php\/wp-json\/wp\/v2\/tags?post=22875"}],"curies":[{"name":"wp","href":"https:\/\/api.w.org\/{rel}","templated":true}]}}