{"id":22937,"date":"2022-04-10T22:02:24","date_gmt":"2022-04-11T01:02:24","guid":{"rendered":"https:\/\/oparanews.com.br\/?p=22937"},"modified":"2022-04-10T22:02:24","modified_gmt":"2022-04-11T01:02:24","slug":"edital-de-convocacao-para-eleicao-indireta-para-o-governo-e-publicado","status":"publish","type":"post","link":"https:\/\/www.oparanews.com.br\/index.php\/2022\/04\/10\/edital-de-convocacao-para-eleicao-indireta-para-o-governo-e-publicado\/","title":{"rendered":"Edital de convoca\u00e7\u00e3o para elei\u00e7\u00e3o indireta para o governo \u00e9 publicado"},"content":{"rendered":"<p>O edital com as regras da elei\u00e7\u00e3o indireta para governador e vice-governador de Alagoas foi publicado pela Assembleia Legislativa na sexta-feira (8). Alagoas \u00e9 o \u00fanico estado do Brasil que ter\u00e1 elei\u00e7\u00e3o indireta antes das elei\u00e7\u00f5es de outubro.<\/p>\n<p>&nbsp;<\/p>\n<p>Pela regra eleitoral, o vice-governador deveria assumir o cargo de governador ap\u00f3s a ren\u00fancia de Renan Filho (MDB), mas Alagoas \u00e9 o \u00fanico estado que n\u00e3o tem mais vice-governador. O cargo est\u00e1 vago desde que Luciano Barbosa (MDB) assumiu a prefeitura de Arapiraca, ap\u00f3s ter sido eleito em dezembro de 2020.<\/p>\n<p>&nbsp;<\/p>\n<p>Sem a figura do vice, quem deveria assumir o governo de Alagoas interinamente era o presidente da Assembleia Legislativa (ALE), mas o deputado estadual Marcelo Victor (MDB) recusou o cargo. Assim, coube ao presidente do Tribunal de Justi\u00e7a de Alagoas (TJ), o desembargador Klever Loureiro, comandar o executivo at\u00e9 a realiza\u00e7\u00e3o da elei\u00e7\u00e3o indireta, marcada para o dia 2 de maio, \u00e0s 10 horas.<\/p>\n<p>&nbsp;<\/p>\n<p>O par\u00e1grafo 3\u00ba da Constitui\u00e7\u00e3o Estadual e a Lei estadual n\u00ba 8.576\/2022 estabelecem as regras para a realiza\u00e7\u00e3o da elei\u00e7\u00e3o indireta, no caso de vac\u00e2ncia dos cargos de governador e vice nos dois \u00faltimos anos do per\u00edodo governamental. Cabe ao Legislativo realizar a elei\u00e7\u00e3o, por meio do voto dos deputados estaduais em sess\u00e3o extraordin\u00e1ria.<\/p>\n<p>&nbsp;<\/p>\n<p><a href=\"https:\/\/www.al.al.leg.br\/comunicacao\/diario-oficial-eletronico-do-poder-legislativo\/2022\/abril\/diario-oficial-eletronico-da-assembleia-legislativa-de-alagoas-no-1093-08-04-2022\/view\"><strong>Clique para conferir o edital de convoca\u00e7\u00e3o da elei\u00e7\u00e3o indireta<\/strong><\/a><\/p>\n<p>&nbsp;<\/p>\n<p>Qualquer cidad\u00e3o brasileiro com mais de 30 anos pode se candidatar a um dos cargos, desde que respeitada as condi\u00e7\u00f5es constitucionais e legais de elegibilidade.<\/p>\n<p>&nbsp;<\/p>\n<p>A inscri\u00e7\u00e3o deve ser apresentada ao servi\u00e7o de Protocolo Geral da Assembleia Legislativa at\u00e9 as 10 horas do dia 29 de abril. Os documentos exigidos est\u00e3o descritos no edital.<\/p>\n<p>&nbsp;<\/p>\n<p>&nbsp;<\/p>\n<p>&nbsp;<\/p>\n<p><strong>Fonte: G1\/AL<\/strong><\/p>\n<p>&nbsp;<\/p>\n","protected":false},"excerpt":{"rendered":"<p>O edital com as regras da elei\u00e7\u00e3o indireta para governador e vice-governador de Alagoas foi publicado pela Assembleia Legislativa na sexta-feira (8). Alagoas \u00e9 o \u00fanico estado do Brasil que ter\u00e1 elei\u00e7\u00e3o indireta antes das elei\u00e7\u00f5es de outubro. &nbsp; Pela regra eleitoral, o vice-governador deveria assumir o cargo de governador ap\u00f3s a ren\u00fancia de Renan &hellip;<\/p>\n","protected":false},"author":2,"featured_media":22938,"comment_status":"open","ping_status":"open","sticky":false,"template":"","format":"standard","meta":{"_jetpack_memberships_contains_paid_content":false,"footnotes":""},"categories":[4,1],"tags":[],"class_list":["post-22937","post","type-post","status-publish","format-standard","has-post-thumbnail","hentry","category-alagoas","category-destaque"],"jetpack_featured_media_url":"https:\/\/www.oparanews.com.br\/wp-content\/uploads\/2022\/04\/palacio-republica-dos-palmares-alagoas-1-.webp","jetpack_sharing_enabled":true,"_links":{"self":[{"href":"https:\/\/www.oparanews.com.br\/index.php\/wp-json\/wp\/v2\/posts\/22937","targetHints":{"allow":["GET"]}}],"collection":[{"href":"https:\/\/www.oparanews.com.br\/index.php\/wp-json\/wp\/v2\/posts"}],"about":[{"href":"https:\/\/www.oparanews.com.br\/index.php\/wp-json\/wp\/v2\/types\/post"}],"author":[{"embeddable":true,"href":"https:\/\/www.oparanews.com.br\/index.php\/wp-json\/wp\/v2\/users\/2"}],"replies":[{"embeddable":true,"href":"https:\/\/www.oparanews.com.br\/index.php\/wp-json\/wp\/v2\/comments?post=22937"}],"version-history":[{"count":1,"href":"https:\/\/www.oparanews.com.br\/index.php\/wp-json\/wp\/v2\/posts\/22937\/revisions"}],"predecessor-version":[{"id":22939,"href":"https:\/\/www.oparanews.com.br\/index.php\/wp-json\/wp\/v2\/posts\/22937\/revisions\/22939"}],"wp:featuredmedia":[{"embeddable":true,"href":"https:\/\/www.oparanews.com.br\/index.php\/wp-json\/wp\/v2\/media\/22938"}],"wp:attachment":[{"href":"https:\/\/www.oparanews.com.br\/index.php\/wp-json\/wp\/v2\/media?parent=22937"}],"wp:term":[{"taxonomy":"category","embeddable":true,"href":"https:\/\/www.oparanews.com.br\/index.php\/wp-json\/wp\/v2\/categories?post=22937"},{"taxonomy":"post_tag","embeddable":true,"href":"https:\/\/www.oparanews.com.br\/index.php\/wp-json\/wp\/v2\/tags?post=22937"}],"curies":[{"name":"wp","href":"https:\/\/api.w.org\/{rel}","templated":true}]}}