{"id":22943,"date":"2022-04-10T22:11:23","date_gmt":"2022-04-11T01:11:23","guid":{"rendered":"https:\/\/oparanews.com.br\/?p=22943"},"modified":"2022-04-10T22:11:23","modified_gmt":"2022-04-11T01:11:23","slug":"homem-e-preso-apos-ameacar-populares-em-via-publica-e-lutar-com-pms","status":"publish","type":"post","link":"https:\/\/www.oparanews.com.br\/index.php\/2022\/04\/10\/homem-e-preso-apos-ameacar-populares-em-via-publica-e-lutar-com-pms\/","title":{"rendered":"Homem \u00e9 preso ap\u00f3s amea\u00e7ar populares em via p\u00fablica e \u2018lutar\u2019 com PMs"},"content":{"rendered":"<p>Um homem foi preso durante uma confus\u00e3o ocorrida durante a noite desse s\u00e1bado (9), no povoado Po\u00e7o do Sal, no munic\u00edpio de P\u00e3o de A\u00e7ucar, no sert\u00e3o de Alagoas.<\/p>\n<p>&nbsp;<\/p>\n<p>Segundo relatos de populares, estaria acontecendo uma confus\u00e3o na cidade com um indiv\u00edduo amea\u00e7ando populares com uma arma de fogo. Diante da situa\u00e7\u00e3o, uma guarni\u00e7\u00e3o da For\u00e7a Tarefa que estava em rondas pela regi\u00e3o foi acionada e se deslocou para o endere\u00e7o.<\/p>\n<p>&nbsp;<\/p>\n<p>Ao chegar no local, a equipe policial deu voz de pris\u00e3o ao suspeito, que reagiu e entrou em luta corporal com os militares, que precisaram utilizar t\u00e9cnicas de imobiliza\u00e7\u00e3o e for\u00e7a para deter o suspeito e algem\u00e1-lo.<\/p>\n<p>&nbsp;<\/p>\n<p>O homem foi detido e conduzido para a Delegacia Regional de Delmiro Gouveia, onde foram realizados os procedimentos necess\u00e1rios e o suspeito permaneceu \u00e0 disposi\u00e7\u00e3o da justi\u00e7a.<\/p>\n<p>&nbsp;<\/p>\n<p>&nbsp;<\/p>\n<p>&nbsp;<\/p>\n<p><strong>Fonte: AL24horas<\/strong><\/p>\n<p>&nbsp;<\/p>\n","protected":false},"excerpt":{"rendered":"<p>Um homem foi preso durante uma confus\u00e3o ocorrida durante a noite desse s\u00e1bado (9), no povoado Po\u00e7o do Sal, no munic\u00edpio de P\u00e3o de A\u00e7ucar, no sert\u00e3o de Alagoas. &nbsp; Segundo relatos de populares, estaria acontecendo uma confus\u00e3o na cidade com um indiv\u00edduo amea\u00e7ando populares com uma arma de fogo. Diante da situa\u00e7\u00e3o, uma guarni\u00e7\u00e3o &hellip;<\/p>\n","protected":false},"author":2,"featured_media":22944,"comment_status":"open","ping_status":"open","sticky":false,"template":"","format":"standard","meta":{"_jetpack_memberships_contains_paid_content":false,"footnotes":""},"categories":[4],"tags":[],"class_list":["post-22943","post","type-post","status-publish","format-standard","has-post-thumbnail","hentry","category-alagoas"],"jetpack_featured_media_url":"https:\/\/www.oparanews.com.br\/wp-content\/uploads\/2022\/04\/homenagem-2.jpeg","jetpack_sharing_enabled":true,"_links":{"self":[{"href":"https:\/\/www.oparanews.com.br\/index.php\/wp-json\/wp\/v2\/posts\/22943","targetHints":{"allow":["GET"]}}],"collection":[{"href":"https:\/\/www.oparanews.com.br\/index.php\/wp-json\/wp\/v2\/posts"}],"about":[{"href":"https:\/\/www.oparanews.com.br\/index.php\/wp-json\/wp\/v2\/types\/post"}],"author":[{"embeddable":true,"href":"https:\/\/www.oparanews.com.br\/index.php\/wp-json\/wp\/v2\/users\/2"}],"replies":[{"embeddable":true,"href":"https:\/\/www.oparanews.com.br\/index.php\/wp-json\/wp\/v2\/comments?post=22943"}],"version-history":[{"count":2,"href":"https:\/\/www.oparanews.com.br\/index.php\/wp-json\/wp\/v2\/posts\/22943\/revisions"}],"predecessor-version":[{"id":22946,"href":"https:\/\/www.oparanews.com.br\/index.php\/wp-json\/wp\/v2\/posts\/22943\/revisions\/22946"}],"wp:featuredmedia":[{"embeddable":true,"href":"https:\/\/www.oparanews.com.br\/index.php\/wp-json\/wp\/v2\/media\/22944"}],"wp:attachment":[{"href":"https:\/\/www.oparanews.com.br\/index.php\/wp-json\/wp\/v2\/media?parent=22943"}],"wp:term":[{"taxonomy":"category","embeddable":true,"href":"https:\/\/www.oparanews.com.br\/index.php\/wp-json\/wp\/v2\/categories?post=22943"},{"taxonomy":"post_tag","embeddable":true,"href":"https:\/\/www.oparanews.com.br\/index.php\/wp-json\/wp\/v2\/tags?post=22943"}],"curies":[{"name":"wp","href":"https:\/\/api.w.org\/{rel}","templated":true}]}}