{"id":22964,"date":"2022-04-12T15:25:34","date_gmt":"2022-04-12T18:25:34","guid":{"rendered":"https:\/\/oparanews.com.br\/?p=22964"},"modified":"2022-04-12T15:25:34","modified_gmt":"2022-04-12T18:25:34","slug":"de-povoado-a-vila-penedo-comemora-386-anos-de-historia","status":"publish","type":"post","link":"https:\/\/www.oparanews.com.br\/index.php\/2022\/04\/12\/de-povoado-a-vila-penedo-comemora-386-anos-de-historia\/","title":{"rendered":"De povoado \u00e0 vila, Penedo comemora 386 anos de hist\u00f3ria"},"content":{"rendered":"<p>H\u00e1 exatos 386 anos, o rei de Portugal Dom Jo\u00e3o VI reconheceu o povoado que deu origem \u00e0 cidade de Penedo como Vila do Penedo do Rio S\u00e3o Francisco.<\/p>\n<p>&nbsp;<\/p>\n<p>Para celebrar a data comemorada nesta ter\u00e7a-feira, 12, a popula\u00e7\u00e3o penedense agradeceu com Missa em A\u00e7\u00e3o de Gra\u00e7as na catedral diocesana, celebra\u00e7\u00e3o seguida de solenidade no Pa\u00e7o Municipal, com hasteamento dos pavilh\u00f5es, discursos e apresenta\u00e7\u00e3o das bandas do Montepio dos Artistas e Fanfarra F\u00eanix.<\/p>\n<p>&nbsp;<\/p>\n<p>O Prefeito Ronaldo Lopes destacou a forma\u00e7\u00e3o hist\u00f3rica do munic\u00edpio e a responsabilidade da atual gera\u00e7\u00e3o em manter o patrim\u00f4nio preservado.<\/p>\n<p>&nbsp;<\/p>\n<figure id=\"attachment_22967\" aria-describedby=\"caption-attachment-22967\" style=\"width: 300px\" class=\"wp-caption alignleft\"><a href=\"http:\/\/oparanews.com.br\/wp-content\/uploads\/2022\/04\/penedo-386-anos-foto-deywisson-duarte-22.jpeg\"><img loading=\"lazy\" decoding=\"async\" class=\"size-medium wp-image-22967\" src=\"http:\/\/oparanews.com.br\/wp-content\/uploads\/2022\/04\/penedo-386-anos-foto-deywisson-duarte-22-300x200.jpeg\" alt=\"\" width=\"300\" height=\"200\" srcset=\"https:\/\/www.oparanews.com.br\/wp-content\/uploads\/2022\/04\/penedo-386-anos-foto-deywisson-duarte-22-300x200.jpeg 300w, https:\/\/www.oparanews.com.br\/wp-content\/uploads\/2022\/04\/penedo-386-anos-foto-deywisson-duarte-22-1024x682.jpeg 1024w, https:\/\/www.oparanews.com.br\/wp-content\/uploads\/2022\/04\/penedo-386-anos-foto-deywisson-duarte-22-768x512.jpeg 768w, https:\/\/www.oparanews.com.br\/wp-content\/uploads\/2022\/04\/penedo-386-anos-foto-deywisson-duarte-22.jpeg 1280w\" sizes=\"auto, (max-width: 300px) 100vw, 300px\" \/><\/a><figcaption id=\"caption-attachment-22967\" class=\"wp-caption-text\">Deywisson Duarte<\/figcaption><\/figure>\n<p>\u201cN\u00f3s temos que preservar o nosso acervo para que as pr\u00f3ximas gera\u00e7\u00f5es tamb\u00e9m conhe\u00e7am a hist\u00f3ria de Penedo\u201d, afirmou o gestor que recupera monumentos, melhora a infraestrutura e torna a cidade mais justa e inclusiva.<\/p>\n<p>&nbsp;<\/p>\n<p>Logo mais \u00e0 noite, a gest\u00e3o Crescendo Com Seu Povo comemora o anivers\u00e1rio da cidade com show aberto ao p\u00fablico no estacionamento da Prainha.<\/p>\n<p>&nbsp;<\/p>\n<p>A festa ser\u00e1 aberta com m\u00fasicos locais, Dan Souza e banda Omegazord, fechando com a atra\u00e7\u00e3o nacional Marcynho Sensa\u00e7\u00e3o.<\/p>\n<p>&nbsp;<\/p>\n<p>No pr\u00f3ximo dia 18 de abril, Penedo comemora mais uma data hist\u00f3rica. Em 1842, Dom Pedro II formaliza a condi\u00e7\u00e3o de Penedo como cidade, terra que o imperador brasileiro visitou 16 anos depois do ato oficial, durante expedi\u00e7\u00e3o no Rio S\u00e3o Francisco at\u00e9 as cachoeiras de Paulo Afonso.<\/p>\n<p>&nbsp;<\/p>\n<p>&nbsp;<\/p>\n<p>&nbsp;<\/p>\n<p><strong>por Fernando Vin\u00edcius &#8211; Decom PMP<\/strong><\/p>\n<p>&nbsp;<\/p>\n<figure id=\"attachment_22966\" aria-describedby=\"caption-attachment-22966\" style=\"width: 300px\" class=\"wp-caption alignleft\"><a href=\"http:\/\/oparanews.com.br\/wp-content\/uploads\/2022\/04\/penedo-386-anos-foto-deywisson-duarte-17-696x464-1.jpeg\"><img loading=\"lazy\" decoding=\"async\" class=\"size-medium wp-image-22966\" src=\"http:\/\/oparanews.com.br\/wp-content\/uploads\/2022\/04\/penedo-386-anos-foto-deywisson-duarte-17-696x464-1-300x200.jpeg\" alt=\"\" width=\"300\" height=\"200\" srcset=\"https:\/\/www.oparanews.com.br\/wp-content\/uploads\/2022\/04\/penedo-386-anos-foto-deywisson-duarte-17-696x464-1-300x200.jpeg 300w, https:\/\/www.oparanews.com.br\/wp-content\/uploads\/2022\/04\/penedo-386-anos-foto-deywisson-duarte-17-696x464-1.jpeg 696w\" sizes=\"auto, (max-width: 300px) 100vw, 300px\" \/><\/a><figcaption id=\"caption-attachment-22966\" class=\"wp-caption-text\">Deywisson Duarte<\/figcaption><\/figure>\n","protected":false},"excerpt":{"rendered":"<p>H\u00e1 exatos 386 anos, o rei de Portugal Dom Jo\u00e3o VI reconheceu o povoado que deu origem \u00e0 cidade de Penedo como Vila do Penedo do Rio S\u00e3o Francisco. &nbsp; Para celebrar a data comemorada nesta ter\u00e7a-feira, 12, a popula\u00e7\u00e3o penedense agradeceu com Missa em A\u00e7\u00e3o de Gra\u00e7as na catedral diocesana, celebra\u00e7\u00e3o seguida de solenidade &hellip;<\/p>\n","protected":false},"author":2,"featured_media":22965,"comment_status":"open","ping_status":"open","sticky":false,"template":"","format":"standard","meta":{"_jetpack_memberships_contains_paid_content":false,"footnotes":""},"categories":[1,3],"tags":[],"class_list":["post-22964","post","type-post","status-publish","format-standard","has-post-thumbnail","hentry","category-destaque","category-penedo"],"jetpack_featured_media_url":"https:\/\/www.oparanews.com.br\/wp-content\/uploads\/2022\/04\/penedo-386-anos-foto-deywisson-duarte-14.jpeg","jetpack_sharing_enabled":true,"_links":{"self":[{"href":"https:\/\/www.oparanews.com.br\/index.php\/wp-json\/wp\/v2\/posts\/22964","targetHints":{"allow":["GET"]}}],"collection":[{"href":"https:\/\/www.oparanews.com.br\/index.php\/wp-json\/wp\/v2\/posts"}],"about":[{"href":"https:\/\/www.oparanews.com.br\/index.php\/wp-json\/wp\/v2\/types\/post"}],"author":[{"embeddable":true,"href":"https:\/\/www.oparanews.com.br\/index.php\/wp-json\/wp\/v2\/users\/2"}],"replies":[{"embeddable":true,"href":"https:\/\/www.oparanews.com.br\/index.php\/wp-json\/wp\/v2\/comments?post=22964"}],"version-history":[{"count":1,"href":"https:\/\/www.oparanews.com.br\/index.php\/wp-json\/wp\/v2\/posts\/22964\/revisions"}],"predecessor-version":[{"id":22968,"href":"https:\/\/www.oparanews.com.br\/index.php\/wp-json\/wp\/v2\/posts\/22964\/revisions\/22968"}],"wp:featuredmedia":[{"embeddable":true,"href":"https:\/\/www.oparanews.com.br\/index.php\/wp-json\/wp\/v2\/media\/22965"}],"wp:attachment":[{"href":"https:\/\/www.oparanews.com.br\/index.php\/wp-json\/wp\/v2\/media?parent=22964"}],"wp:term":[{"taxonomy":"category","embeddable":true,"href":"https:\/\/www.oparanews.com.br\/index.php\/wp-json\/wp\/v2\/categories?post=22964"},{"taxonomy":"post_tag","embeddable":true,"href":"https:\/\/www.oparanews.com.br\/index.php\/wp-json\/wp\/v2\/tags?post=22964"}],"curies":[{"name":"wp","href":"https:\/\/api.w.org\/{rel}","templated":true}]}}