{"id":22990,"date":"2022-04-13T22:03:46","date_gmt":"2022-04-14T01:03:46","guid":{"rendered":"https:\/\/oparanews.com.br\/?p=22990"},"modified":"2022-04-13T22:03:46","modified_gmt":"2022-04-14T01:03:46","slug":"bebe-de-11-dias-e-mais-duas-pessoas-morrem-de-covid-em-alagoas","status":"publish","type":"post","link":"https:\/\/www.oparanews.com.br\/index.php\/2022\/04\/13\/bebe-de-11-dias-e-mais-duas-pessoas-morrem-de-covid-em-alagoas\/","title":{"rendered":"Beb\u00ea de 11 dias e mais duas pessoas morrem de Covid em Alagoas"},"content":{"rendered":"<p>Um beb\u00ea prematuro de apenas 11 dias, do sexo masculino, \u00e9 uma das v\u00edtimas da Covid registrada pelo boletim epidemiol\u00f3gico da Secretaria de Estado da Sa\u00fade (Sesau), desta quarta-feira (13). Ele morava em Macei\u00f3. Al\u00e9m dele, mais duas mortes foram confirmadas laboratorialmente e o total de \u00f3bitos no estado subiu para 6.910 em Alagoas.<\/p>\n<p>&nbsp;<\/p>\n<p>As outras v\u00edtimas s\u00e3o um homem de 73 anos, tamb\u00e9m de Macei\u00f3 e era cardiopata, e uma mulher de 80 anos, que morava em Arapiraca e era obesa.<\/p>\n<p>&nbsp;<\/p>\n<p>Mais 13 casos da doen\u00e7a foram confirmados. Desde o in\u00edcio da pandemia, 289.699 pessoas foram contaminadas pelo coronav\u00edrus no estado.<\/p>\n<p>&nbsp;<\/p>\n<p>Desse total, 228 pessoas ainda est\u00e3o se recuperando da doen\u00e7a e receberam a recomenda\u00e7\u00e3o de manter o isolamento domiciliar. Outros 289.699 pacientes n\u00e3o apresentam mais sintomas e est\u00e3o recuperados da doen\u00e7a.<\/p>\n<p>&nbsp;<\/p>\n<p>Na fila de espera por resultados de exames est\u00e3o 1.379 pessoas, que est\u00e3o em investiga\u00e7\u00e3o epidemiol\u00f3gica.<\/p>\n<p>&nbsp;<\/p>\n<p>Ocupa\u00e7\u00e3o de leitos exclusivos para Covid e Influenza<\/p>\n<p>&nbsp;<\/p>\n<p>Alagoas tem taxa de 13% de ocupa\u00e7\u00e3o dos leitos exclusivos para pacientes com suspeita ou confirma\u00e7\u00e3o de Covid ou Influenza. Dos 164 leitos, 22 est\u00e3o ocupados nesta sexta.<\/p>\n<p>&nbsp;<\/p>\n<p>Considerando apenas os leitos de UTI, a ocupa\u00e7\u00e3o no estado \u00e9 de 24%. Em Macei\u00f3, 11 dos 21 leitos de UTI dispon\u00edveis est\u00e3o ocupados o que representa uma taxa de 52%. No interior, o percentual \u00e9 de 3%.<\/p>\n<p>&nbsp;<\/p>\n<p>&nbsp;<\/p>\n<p><strong>Fonte: G1\/AL<\/strong><\/p>\n<p>&nbsp;<\/p>\n","protected":false},"excerpt":{"rendered":"<p>Um beb\u00ea prematuro de apenas 11 dias, do sexo masculino, \u00e9 uma das v\u00edtimas da Covid registrada pelo boletim epidemiol\u00f3gico da Secretaria de Estado da Sa\u00fade (Sesau), desta quarta-feira (13). Ele morava em Macei\u00f3. Al\u00e9m dele, mais duas mortes foram confirmadas laboratorialmente e o total de \u00f3bitos no estado subiu para 6.910 em Alagoas. &nbsp; &hellip;<\/p>\n","protected":false},"author":2,"featured_media":22864,"comment_status":"open","ping_status":"open","sticky":false,"template":"","format":"standard","meta":{"_jetpack_memberships_contains_paid_content":false,"footnotes":""},"categories":[4,1],"tags":[],"class_list":["post-22990","post","type-post","status-publish","format-standard","has-post-thumbnail","hentry","category-alagoas","category-destaque"],"jetpack_featured_media_url":"https:\/\/www.oparanews.com.br\/wp-content\/uploads\/2022\/04\/diagnostico_novo_coronavirus_fiocruz_covid_19-6.webp","jetpack_sharing_enabled":true,"_links":{"self":[{"href":"https:\/\/www.oparanews.com.br\/index.php\/wp-json\/wp\/v2\/posts\/22990","targetHints":{"allow":["GET"]}}],"collection":[{"href":"https:\/\/www.oparanews.com.br\/index.php\/wp-json\/wp\/v2\/posts"}],"about":[{"href":"https:\/\/www.oparanews.com.br\/index.php\/wp-json\/wp\/v2\/types\/post"}],"author":[{"embeddable":true,"href":"https:\/\/www.oparanews.com.br\/index.php\/wp-json\/wp\/v2\/users\/2"}],"replies":[{"embeddable":true,"href":"https:\/\/www.oparanews.com.br\/index.php\/wp-json\/wp\/v2\/comments?post=22990"}],"version-history":[{"count":1,"href":"https:\/\/www.oparanews.com.br\/index.php\/wp-json\/wp\/v2\/posts\/22990\/revisions"}],"predecessor-version":[{"id":22991,"href":"https:\/\/www.oparanews.com.br\/index.php\/wp-json\/wp\/v2\/posts\/22990\/revisions\/22991"}],"wp:featuredmedia":[{"embeddable":true,"href":"https:\/\/www.oparanews.com.br\/index.php\/wp-json\/wp\/v2\/media\/22864"}],"wp:attachment":[{"href":"https:\/\/www.oparanews.com.br\/index.php\/wp-json\/wp\/v2\/media?parent=22990"}],"wp:term":[{"taxonomy":"category","embeddable":true,"href":"https:\/\/www.oparanews.com.br\/index.php\/wp-json\/wp\/v2\/categories?post=22990"},{"taxonomy":"post_tag","embeddable":true,"href":"https:\/\/www.oparanews.com.br\/index.php\/wp-json\/wp\/v2\/tags?post=22990"}],"curies":[{"name":"wp","href":"https:\/\/api.w.org\/{rel}","templated":true}]}}