{"id":23006,"date":"2022-04-14T19:34:16","date_gmt":"2022-04-14T22:34:16","guid":{"rendered":"https:\/\/oparanews.com.br\/?p=23006"},"modified":"2022-04-14T19:36:01","modified_gmt":"2022-04-14T22:36:01","slug":"flipenedo-abre-inscricoes-para-oficinas-mesas-redondas-e-debates","status":"publish","type":"post","link":"https:\/\/www.oparanews.com.br\/index.php\/2022\/04\/14\/flipenedo-abre-inscricoes-para-oficinas-mesas-redondas-e-debates\/","title":{"rendered":"Flipenedo abre inscri\u00e7\u00f5es para oficinas, mesas redondas e debates"},"content":{"rendered":"<p>A Prefeitura de Penedo abriu inscri\u00e7\u00f5es ao p\u00fablico interessado em participar das oficinas, mesas redondas e debates que fazem parte da programa\u00e7\u00e3o da 1\u00aa Festa Liter\u00e1ria de Penedo (Flipenedo).<\/p>\n<p>&nbsp;<\/p>\n<p>A primeira atividade acontece no pr\u00f3ximo dia 23, Sala de Criatividade direcionada para professores da Secretaria Municipal de Educa\u00e7\u00e3o (SEMED) na Escola Bar\u00e3o de Penedo.<\/p>\n<p>&nbsp;<\/p>\n<p>A partir de 28 de abril, o evento que homenageia o poeta penedense Sabino Romariz se instala no Centro Hist\u00f3rico com a\u00e7\u00f5es de ensino, troca de experi\u00eancias e muito mais.<\/p>\n<p>&nbsp;<\/p>\n<p>O trabalho do governo Ronaldo Lopes traz para Penedo feira de livro, sarau liter\u00e1rio, shows musicais, apresenta\u00e7\u00f5es culturais, conta\u00e7\u00e3o de hist\u00f3rias e recitais.<\/p>\n<p><a href=\"http:\/\/oparanews.com.br\/wp-content\/uploads\/2022\/04\/reuniao-flipenedo-foto-kim-emmanuel-2-1-696x522-1.jpeg\"><img loading=\"lazy\" decoding=\"async\" class=\"alignleft size-medium wp-image-23008\" src=\"http:\/\/oparanews.com.br\/wp-content\/uploads\/2022\/04\/reuniao-flipenedo-foto-kim-emmanuel-2-1-696x522-1-300x225.jpeg\" alt=\"\" width=\"300\" height=\"225\" srcset=\"https:\/\/www.oparanews.com.br\/wp-content\/uploads\/2022\/04\/reuniao-flipenedo-foto-kim-emmanuel-2-1-696x522-1-300x225.jpeg 300w, https:\/\/www.oparanews.com.br\/wp-content\/uploads\/2022\/04\/reuniao-flipenedo-foto-kim-emmanuel-2-1-696x522-1.jpeg 696w\" sizes=\"auto, (max-width: 300px) 100vw, 300px\" \/><\/a><\/p>\n<p>Al\u00e9m disso, haver\u00e1 concurso de reda\u00e7\u00e3o para estudantes e a premia\u00e7\u00e3o do 8\u00ba Concurso Liter\u00e1rio Cidade do Penedo, organizado pela APLACC (Academia Penedense de Letras, Artes, Cultura e Ci\u00eancia) com apoio da gest\u00e3o Crescendo Com Seu Povo.<\/p>\n<p>&nbsp;<\/p>\n<p>Realizado pela Secretaria Municipal de Cultura, Lazer e Juventude (SEMCLEJ), a 1\u00aa Festa Liter\u00e1ria de Penedo tem apoio do Governo de Alagoas, UFAL, IFAL, Funda\u00e7\u00e3o Casa do Penedo, Faculdade Raimundo Marinho e entidades relacionadas com produ\u00e7\u00e3o liter\u00e1ria.<\/p>\n<p>&nbsp;<\/p>\n<p><a href=\"https:\/\/flipenedo.com.br\/ficha-de-cadastro-flipenedo\/\"><strong>A inscri\u00e7\u00e3o para as atividades \u00e9 gratuita e exclusiva no portal da Flipenedo. Clique aqui<\/strong><\/a><\/p>\n<p>&nbsp;<\/p>\n<p><strong>Quinta-feira, 28 de Abril<\/strong><\/p>\n<p>&nbsp;<\/p>\n<p>Oficina de Escrita Criativa: Cr\u00f4nica, com Maur\u00edcio Melo J\u00fanior. Local \u2013 Biblioteca da Sociedade de Cultura e Arte Popular de Penedo\/SCAP, das 8h30 \u00e0s 10 horas.<\/p>\n<p>&nbsp;<\/p>\n<p><strong>Sexta-feira, 29 de Abril<\/strong><\/p>\n<p>&nbsp;<\/p>\n<ul>\n<li>Oficina de Escrita Criativa: Contos, com Wellington Melo. Local \u2013 Biblioteca, das 8h30 \u00e0s 10 horas.<br \/>\nOficina: A Fabrica\u00e7\u00e3o do Livro, com Fernando Franco. Local \u2013 Biblioteca da Sociedade de Cultura e Arte Popular de Penedo\/SCAP, das 15h00 \u00e0s 16 horas.<\/li>\n<li>Palestra: Educa\u00e7\u00e3o Patrimonial de Alagoas em Sala de Aula, com as Professoras Adriana Capretz e Adriana Guimar\u00e3es. Local \u2013 Audit\u00f3rio da Casa de Aposentadoria, das 15h00 \u00e0s 17 horas.<\/li>\n<li>Mesa de Debates: Fazer Literatura em Alagoas. Debatedores Jos\u00e9 In\u00e1cio Vieira de Mello e Nilton Rezende, com media\u00e7\u00e3o de Milton Rosendo. Local \u2013 Theatro Sete de Setembro, das 17h00 \u00e0s 18 horas.<\/li>\n<li>Mesa de Debates: A Poesia no Novo Nordeste. Debatedores: \u00c2ngelo Monteiro e Salgado Maranh\u00e3o, com media\u00e7\u00e3o de Fernando Fi\u00faza. Local \u2013 Theatro Sete de Setembro, das 18h00 \u00e0s 19 horas<\/li>\n<\/ul>\n<p>&nbsp;<\/p>\n<p><strong>S\u00e1bado, 30 de Abril<\/strong><\/p>\n<p>&nbsp;<\/p>\n<ul>\n<li>Oficina de Escrita Criativa: Poesia, com Ricardo Cab\u00fas. Local \u2013 Biblioteca da Sociedade de Cultura e Arte Popular de Penedo\/SCAP, das 08h30 \u00e0s 10h30.<\/li>\n<li>Roda de Conversa: Literatura Infantil e Patrim\u00f4nio Arqueol\u00f3gico, com Luana Teixeira. Local \u2013 Faculdade Raimundo Marinho, das 9h00 \u00e0s 11 horas.<\/li>\n<li>Mesa de debates: A Cr\u00f4nica das Cenas Alagoanas \u2013 Alagoas como Cen\u00e1rio Liter\u00e1rio. Debatedores: Ricardo Cravo Albin, Franklin Carvalho e Carlito Lima, com media\u00e7\u00e3o de Geraldo Majella. Local \u2013 Theatro Sete de Setembro, das 17h00 \u00e0s 18 horas.<\/li>\n<li>Mesa de debates: Cinema e Literatura \u2013 Uma Paix\u00e3o Consentida. Debatedores L\u00edrio Ferreira e S\u00e9rgio Machado, com media\u00e7\u00e3o de Ninho Moraes. Local \u2013 Theatro Sete de Setembro, das 19h00 \u00e0s 20 horas.<\/li>\n<\/ul>\n<p><a href=\"https:\/\/penedo.al.gov.br\/2022\/04\/05\/festa-literaria-de-penedo-esta-com-programacao-definida\/\"><strong>Confira toda a programa\u00e7\u00e3o da Flipenedo aqui!<\/strong><\/a><\/p>\n<p>&nbsp;<\/p>\n<p>&nbsp;<\/p>\n<p>&nbsp;<\/p>\n<p><strong>Fonte: Decom PMP<\/strong><\/p>\n<p>&nbsp;<\/p>\n","protected":false},"excerpt":{"rendered":"<p>A Prefeitura de Penedo abriu inscri\u00e7\u00f5es ao p\u00fablico interessado em participar das oficinas, mesas redondas e debates que fazem parte da programa\u00e7\u00e3o da 1\u00aa Festa Liter\u00e1ria de Penedo (Flipenedo). &nbsp; A primeira atividade acontece no pr\u00f3ximo dia 23, Sala de Criatividade direcionada para professores da Secretaria Municipal de Educa\u00e7\u00e3o (SEMED) na Escola Bar\u00e3o de Penedo. &hellip;<\/p>\n","protected":false},"author":2,"featured_media":23007,"comment_status":"open","ping_status":"open","sticky":false,"template":"","format":"standard","meta":{"_jetpack_memberships_contains_paid_content":false,"footnotes":""},"categories":[1,3],"tags":[],"class_list":["post-23006","post","type-post","status-publish","format-standard","has-post-thumbnail","hentry","category-destaque","category-penedo"],"jetpack_featured_media_url":"https:\/\/www.oparanews.com.br\/wp-content\/uploads\/2022\/04\/flipenedo-card2.jpg","jetpack_sharing_enabled":true,"_links":{"self":[{"href":"https:\/\/www.oparanews.com.br\/index.php\/wp-json\/wp\/v2\/posts\/23006","targetHints":{"allow":["GET"]}}],"collection":[{"href":"https:\/\/www.oparanews.com.br\/index.php\/wp-json\/wp\/v2\/posts"}],"about":[{"href":"https:\/\/www.oparanews.com.br\/index.php\/wp-json\/wp\/v2\/types\/post"}],"author":[{"embeddable":true,"href":"https:\/\/www.oparanews.com.br\/index.php\/wp-json\/wp\/v2\/users\/2"}],"replies":[{"embeddable":true,"href":"https:\/\/www.oparanews.com.br\/index.php\/wp-json\/wp\/v2\/comments?post=23006"}],"version-history":[{"count":3,"href":"https:\/\/www.oparanews.com.br\/index.php\/wp-json\/wp\/v2\/posts\/23006\/revisions"}],"predecessor-version":[{"id":23011,"href":"https:\/\/www.oparanews.com.br\/index.php\/wp-json\/wp\/v2\/posts\/23006\/revisions\/23011"}],"wp:featuredmedia":[{"embeddable":true,"href":"https:\/\/www.oparanews.com.br\/index.php\/wp-json\/wp\/v2\/media\/23007"}],"wp:attachment":[{"href":"https:\/\/www.oparanews.com.br\/index.php\/wp-json\/wp\/v2\/media?parent=23006"}],"wp:term":[{"taxonomy":"category","embeddable":true,"href":"https:\/\/www.oparanews.com.br\/index.php\/wp-json\/wp\/v2\/categories?post=23006"},{"taxonomy":"post_tag","embeddable":true,"href":"https:\/\/www.oparanews.com.br\/index.php\/wp-json\/wp\/v2\/tags?post=23006"}],"curies":[{"name":"wp","href":"https:\/\/api.w.org\/{rel}","templated":true}]}}