{"id":23012,"date":"2022-04-15T21:13:08","date_gmt":"2022-04-16T00:13:08","guid":{"rendered":"https:\/\/oparanews.com.br\/?p=23012"},"modified":"2022-04-15T21:13:08","modified_gmt":"2022-04-16T00:13:08","slug":"mulher-e-detida-apos-agredir-e-cortar-cabelo-da-filha-de-12-anos-com-facao-em-igaci","status":"publish","type":"post","link":"https:\/\/www.oparanews.com.br\/index.php\/2022\/04\/15\/mulher-e-detida-apos-agredir-e-cortar-cabelo-da-filha-de-12-anos-com-facao-em-igaci\/","title":{"rendered":"Mulher \u00e9 detida ap\u00f3s agredir e cortar cabelo da filha de 12 anos com fac\u00e3o em Igaci"},"content":{"rendered":"<p>Uma mulher de 45 anos foi detida ap\u00f3s agredir a filha de 12 anos com um fac\u00e3o na zona rural de Igaci, no Agreste de Alagoas, nessa quinta-feira (14). Segundo a Pol\u00edcia Civil, a menina confirmou que a m\u00e3e cortou seu cabelo \u00e0 for\u00e7a utilizando um fac\u00e3o.<\/p>\n<p>&nbsp;<\/p>\n<p>A mulher disse \u00e0 pol\u00edcia e ao conselho tutelar que bateu na filha com uma cinta para castigar a crian\u00e7a e cortou seus cabelos para vend\u00ea-los.<\/p>\n<p>&nbsp;<\/p>\n<p>As agress\u00f5es foram descobertas ap\u00f3s militares do 10\u00ba Batalh\u00e3o de Pol\u00edcia e o conselho tutelar se deslocarem \u00e0 casa da fam\u00edlia para confirmar uma situa\u00e7\u00e3o de maus-tratos.<\/p>\n<p>&nbsp;<\/p>\n<p>A crian\u00e7a apresentava marcas de agress\u00f5es nas costas, tamb\u00e9m com fac\u00e3o. Ela foi encaminhada ao Instituto de Medicina Legal para exame de corpo de delito. A m\u00e3e foi levada ao Cisp de Palmeira dos \u00cdndios.<\/p>\n<p>&nbsp;<\/p>\n<p>&nbsp;<\/p>\n<p>&nbsp;<\/p>\n<p><strong>Fonte: G1\/AL<\/strong><\/p>\n<p>&nbsp;<\/p>\n","protected":false},"excerpt":{"rendered":"<p>Uma mulher de 45 anos foi detida ap\u00f3s agredir a filha de 12 anos com um fac\u00e3o na zona rural de Igaci, no Agreste de Alagoas, nessa quinta-feira (14). Segundo a Pol\u00edcia Civil, a menina confirmou que a m\u00e3e cortou seu cabelo \u00e0 for\u00e7a utilizando um fac\u00e3o. &nbsp; A mulher disse \u00e0 pol\u00edcia e ao &hellip;<\/p>\n","protected":false},"author":2,"featured_media":23013,"comment_status":"open","ping_status":"open","sticky":false,"template":"","format":"standard","meta":{"_jetpack_memberships_contains_paid_content":false,"footnotes":""},"categories":[4,1],"tags":[],"class_list":["post-23012","post","type-post","status-publish","format-standard","has-post-thumbnail","hentry","category-alagoas","category-destaque"],"jetpack_featured_media_url":"https:\/\/www.oparanews.com.br\/wp-content\/uploads\/2022\/04\/whatsapp-image-2022-03-15-at-12.10.50-1-.webp","jetpack_sharing_enabled":true,"_links":{"self":[{"href":"https:\/\/www.oparanews.com.br\/index.php\/wp-json\/wp\/v2\/posts\/23012","targetHints":{"allow":["GET"]}}],"collection":[{"href":"https:\/\/www.oparanews.com.br\/index.php\/wp-json\/wp\/v2\/posts"}],"about":[{"href":"https:\/\/www.oparanews.com.br\/index.php\/wp-json\/wp\/v2\/types\/post"}],"author":[{"embeddable":true,"href":"https:\/\/www.oparanews.com.br\/index.php\/wp-json\/wp\/v2\/users\/2"}],"replies":[{"embeddable":true,"href":"https:\/\/www.oparanews.com.br\/index.php\/wp-json\/wp\/v2\/comments?post=23012"}],"version-history":[{"count":1,"href":"https:\/\/www.oparanews.com.br\/index.php\/wp-json\/wp\/v2\/posts\/23012\/revisions"}],"predecessor-version":[{"id":23014,"href":"https:\/\/www.oparanews.com.br\/index.php\/wp-json\/wp\/v2\/posts\/23012\/revisions\/23014"}],"wp:featuredmedia":[{"embeddable":true,"href":"https:\/\/www.oparanews.com.br\/index.php\/wp-json\/wp\/v2\/media\/23013"}],"wp:attachment":[{"href":"https:\/\/www.oparanews.com.br\/index.php\/wp-json\/wp\/v2\/media?parent=23012"}],"wp:term":[{"taxonomy":"category","embeddable":true,"href":"https:\/\/www.oparanews.com.br\/index.php\/wp-json\/wp\/v2\/categories?post=23012"},{"taxonomy":"post_tag","embeddable":true,"href":"https:\/\/www.oparanews.com.br\/index.php\/wp-json\/wp\/v2\/tags?post=23012"}],"curies":[{"name":"wp","href":"https:\/\/api.w.org\/{rel}","templated":true}]}}