{"id":23030,"date":"2022-04-16T21:57:32","date_gmt":"2022-04-17T00:57:32","guid":{"rendered":"https:\/\/oparanews.com.br\/?p=23030"},"modified":"2022-04-16T21:57:32","modified_gmt":"2022-04-17T00:57:32","slug":"jovem-e-presa-com-droga-em-santana-do-ipanema","status":"publish","type":"post","link":"https:\/\/www.oparanews.com.br\/index.php\/2022\/04\/16\/jovem-e-presa-com-droga-em-santana-do-ipanema\/","title":{"rendered":"Jovem \u00e9 presa com droga em Santana do Ipanema"},"content":{"rendered":"<p>Um jovem de 23 anos presa com droga nesta sexta-feira, 15, em Santana do Ipanema.<\/p>\n<p>&nbsp;<\/p>\n<p>Com a jovem a policia encontrou uma pedra de crack pesando 150 gramas.<\/p>\n<p>&nbsp;<\/p>\n<p>Ap\u00f3s receber voz de pris\u00e3o, a jovem que n\u00e3o teve a identidade revelada foi conduzida \u00e0 Delegacia Regional de Pol\u00edcia de Delmiro Gouveia para os devidos procedimentos.<\/p>\n<p>&nbsp;<\/p>\n<p>&nbsp;<\/p>\n<p>&nbsp;<\/p>\n<p><strong>por Reda\u00e7\u00e3o com Assessoria<\/strong><\/p>\n<p>&nbsp;<\/p>\n","protected":false},"excerpt":{"rendered":"<p>Um jovem de 23 anos presa com droga nesta sexta-feira, 15, em Santana do Ipanema. &nbsp; Com a jovem a policia encontrou uma pedra de crack pesando 150 gramas. &nbsp; Ap\u00f3s receber voz de pris\u00e3o, a jovem que n\u00e3o teve a identidade revelada foi conduzida \u00e0 Delegacia Regional de Pol\u00edcia de Delmiro Gouveia para os &hellip;<\/p>\n","protected":false},"author":2,"featured_media":23031,"comment_status":"open","ping_status":"open","sticky":false,"template":"","format":"standard","meta":{"_jetpack_memberships_contains_paid_content":false,"footnotes":""},"categories":[4],"tags":[],"class_list":["post-23030","post","type-post","status-publish","format-standard","has-post-thumbnail","hentry","category-alagoas"],"jetpack_featured_media_url":"https:\/\/www.oparanews.com.br\/wp-content\/uploads\/2022\/04\/PHOTO-2022-04-16-11-34-55.jpg","jetpack_sharing_enabled":true,"_links":{"self":[{"href":"https:\/\/www.oparanews.com.br\/index.php\/wp-json\/wp\/v2\/posts\/23030","targetHints":{"allow":["GET"]}}],"collection":[{"href":"https:\/\/www.oparanews.com.br\/index.php\/wp-json\/wp\/v2\/posts"}],"about":[{"href":"https:\/\/www.oparanews.com.br\/index.php\/wp-json\/wp\/v2\/types\/post"}],"author":[{"embeddable":true,"href":"https:\/\/www.oparanews.com.br\/index.php\/wp-json\/wp\/v2\/users\/2"}],"replies":[{"embeddable":true,"href":"https:\/\/www.oparanews.com.br\/index.php\/wp-json\/wp\/v2\/comments?post=23030"}],"version-history":[{"count":1,"href":"https:\/\/www.oparanews.com.br\/index.php\/wp-json\/wp\/v2\/posts\/23030\/revisions"}],"predecessor-version":[{"id":23032,"href":"https:\/\/www.oparanews.com.br\/index.php\/wp-json\/wp\/v2\/posts\/23030\/revisions\/23032"}],"wp:featuredmedia":[{"embeddable":true,"href":"https:\/\/www.oparanews.com.br\/index.php\/wp-json\/wp\/v2\/media\/23031"}],"wp:attachment":[{"href":"https:\/\/www.oparanews.com.br\/index.php\/wp-json\/wp\/v2\/media?parent=23030"}],"wp:term":[{"taxonomy":"category","embeddable":true,"href":"https:\/\/www.oparanews.com.br\/index.php\/wp-json\/wp\/v2\/categories?post=23030"},{"taxonomy":"post_tag","embeddable":true,"href":"https:\/\/www.oparanews.com.br\/index.php\/wp-json\/wp\/v2\/tags?post=23030"}],"curies":[{"name":"wp","href":"https:\/\/api.w.org\/{rel}","templated":true}]}}