{"id":23053,"date":"2022-04-18T17:01:29","date_gmt":"2022-04-18T20:01:29","guid":{"rendered":"https:\/\/www.oparanews.com.br\/?p=23053"},"modified":"2022-04-18T17:01:29","modified_gmt":"2022-04-18T20:01:29","slug":"por-orientacao-do-ministerio-publico-prefeitura-de-coruripe-inicia-remocao-de-placas-publicitarias-irregulares","status":"publish","type":"post","link":"https:\/\/www.oparanews.com.br\/index.php\/2022\/04\/18\/por-orientacao-do-ministerio-publico-prefeitura-de-coruripe-inicia-remocao-de-placas-publicitarias-irregulares\/","title":{"rendered":"Por orienta\u00e7\u00e3o do Minist\u00e9rio P\u00fablico Prefeitura de Coruripe inicia remo\u00e7\u00e3o de placas publicit\u00e1rias irregulares"},"content":{"rendered":"<p>A Prefeitura de Coruripe iniciou hoje (18), uma opera\u00e7\u00e3o de remo\u00e7\u00e3o das placas de publicidade por toda cidade, instaladas de forma irregular. A a\u00e7\u00e3o acontece em atendimento \u00e0 solicita\u00e7\u00e3o emitida por meio de of\u00edcio (Of\u00edcio MP\/GAB-1\u00aaPJC-0017\/2022\/01PJ-Coru) pela 1\u00aa Promotoria de Justi\u00e7a de Coruripe\/AL.<\/p>\n<p>&nbsp;<\/p>\n<p>De acordo com o documento, o \u00d3rg\u00e3o Ministerial observou &#8220;que em toda a cidade de Coruripe (Pindorama, Pontal de Coruripe, Mia\u00ed, Poxim, entre outros) h\u00e1 diversas placas de an\u00fancios de todos os tamanhos e tipos espalhados por toda cidade, outdoors enormes nas avenidas e pra\u00e7as e disputa entre empresas por espa\u00e7os para a divulga\u00e7\u00e3o de sua marca&#8221;.<\/p>\n<p>&nbsp;<\/p>\n<p>O of\u00edcio salienta ainda que os espa\u00e7os p\u00fablicos s\u00e3o constru\u00eddos com base no interesse p\u00fablico e que &#8220;mant\u00eam rela\u00e7\u00e3o com o direito ao meio ambiente, no que diz respeito a sua concep\u00e7\u00e3o artificial, referente \u00e0s rela\u00e7\u00f5es urbanas e ao conceito de cidade, evitando-se a polui\u00e7\u00e3o visual e a finalidade de seu uso p\u00fablico&#8221;.<\/p>\n<p>&nbsp;<\/p>\n<p>Com base nos argumentos apresentados, inclusive constitucionais, a 1\u00aa Promotoria de Justi\u00e7a de Coruripe\/AL solicitou a retirada de todas as placas, faixas, outdoors e similares nos locais p\u00fablicos do munic\u00edpio afixadas de modo irregular.<\/p>\n<p>&nbsp;<\/p>\n<p>Ainda n\u00e3o h\u00e1 previs\u00e3o de quando a opera\u00e7\u00e3o ser\u00e1 conclu\u00edda.<\/p>\n<p>&nbsp;<\/p>\n<p>&nbsp;<\/p>\n<p>&nbsp;<\/p>\n<p><strong>por Reda\u00e7\u00e3o com Assessoria<\/strong><\/p>\n<p>&nbsp;<\/p>\n","protected":false},"excerpt":{"rendered":"<p>A Prefeitura de Coruripe iniciou hoje (18), uma opera\u00e7\u00e3o de remo\u00e7\u00e3o das placas de publicidade por toda cidade, instaladas de forma irregular. A a\u00e7\u00e3o acontece em atendimento \u00e0 solicita\u00e7\u00e3o emitida por meio de of\u00edcio (Of\u00edcio MP\/GAB-1\u00aaPJC-0017\/2022\/01PJ-Coru) pela 1\u00aa Promotoria de Justi\u00e7a de Coruripe\/AL. &nbsp; De acordo com o documento, o \u00d3rg\u00e3o Ministerial observou &#8220;que em &hellip;<\/p>\n","protected":false},"author":2,"featured_media":23054,"comment_status":"open","ping_status":"open","sticky":false,"template":"","format":"standard","meta":{"_jetpack_memberships_contains_paid_content":false,"footnotes":""},"categories":[4,1],"tags":[],"class_list":["post-23053","post","type-post","status-publish","format-standard","has-post-thumbnail","hentry","category-alagoas","category-destaque"],"jetpack_featured_media_url":"https:\/\/www.oparanews.com.br\/wp-content\/uploads\/2022\/04\/WhatsApp-Image-2022-04-13-at-17.19.11.jpeg","jetpack_sharing_enabled":true,"_links":{"self":[{"href":"https:\/\/www.oparanews.com.br\/index.php\/wp-json\/wp\/v2\/posts\/23053","targetHints":{"allow":["GET"]}}],"collection":[{"href":"https:\/\/www.oparanews.com.br\/index.php\/wp-json\/wp\/v2\/posts"}],"about":[{"href":"https:\/\/www.oparanews.com.br\/index.php\/wp-json\/wp\/v2\/types\/post"}],"author":[{"embeddable":true,"href":"https:\/\/www.oparanews.com.br\/index.php\/wp-json\/wp\/v2\/users\/2"}],"replies":[{"embeddable":true,"href":"https:\/\/www.oparanews.com.br\/index.php\/wp-json\/wp\/v2\/comments?post=23053"}],"version-history":[{"count":1,"href":"https:\/\/www.oparanews.com.br\/index.php\/wp-json\/wp\/v2\/posts\/23053\/revisions"}],"predecessor-version":[{"id":23055,"href":"https:\/\/www.oparanews.com.br\/index.php\/wp-json\/wp\/v2\/posts\/23053\/revisions\/23055"}],"wp:featuredmedia":[{"embeddable":true,"href":"https:\/\/www.oparanews.com.br\/index.php\/wp-json\/wp\/v2\/media\/23054"}],"wp:attachment":[{"href":"https:\/\/www.oparanews.com.br\/index.php\/wp-json\/wp\/v2\/media?parent=23053"}],"wp:term":[{"taxonomy":"category","embeddable":true,"href":"https:\/\/www.oparanews.com.br\/index.php\/wp-json\/wp\/v2\/categories?post=23053"},{"taxonomy":"post_tag","embeddable":true,"href":"https:\/\/www.oparanews.com.br\/index.php\/wp-json\/wp\/v2\/tags?post=23053"}],"curies":[{"name":"wp","href":"https:\/\/api.w.org\/{rel}","templated":true}]}}