{"id":23066,"date":"2022-04-19T16:43:07","date_gmt":"2022-04-19T19:43:07","guid":{"rendered":"https:\/\/www.oparanews.com.br\/?p=23066"},"modified":"2022-04-19T16:43:07","modified_gmt":"2022-04-19T19:43:07","slug":"programa-crianca-alagoana-inclui-mais-beneficiarias-em-penedo","status":"publish","type":"post","link":"https:\/\/www.oparanews.com.br\/index.php\/2022\/04\/19\/programa-crianca-alagoana-inclui-mais-beneficiarias-em-penedo\/","title":{"rendered":"Programa Crian\u00e7a Alagoana inclui mais benefici\u00e1rias em Penedo"},"content":{"rendered":"<p>A Secretaria Municipal de Desenvolvimento Social e Habita\u00e7\u00e3o (SEMDSH) da Prefeitura de Penedo informa a rela\u00e7\u00e3o de novas benefici\u00e1rias do Programa Crian\u00e7a Alagoana (CRIA).<\/p>\n<p>&nbsp;<\/p>\n<p>A lista de mulheres inclu\u00eddas no programa de distribui\u00e7\u00e3o de renda lan\u00e7ado no governo de Renan Filho \u00e9 relativa aos meses de mar\u00e7o e abril.<\/p>\n<p>&nbsp;<\/p>\n<p>O cart\u00e3o est\u00e1 dispon\u00edvel na sede da SEMDSH, localizada na Avenida Get\u00falio Vargas, pr\u00f3ximo do est\u00e1dio do Penedense. O hor\u00e1rio de atendimento ao p\u00fablico \u00e9 das 8h00 \u00e0s 13 horas.<\/p>\n<p>&nbsp;<\/p>\n<p>O Programa CRIA atende mais de quatro mil fam\u00edlias em Penedo com aux\u00edlio financeiro no valor de R$ 150,00 (cento e cinquenta reais) por m\u00eas.<\/p>\n<p>&nbsp;<\/p>\n<p>As benefici\u00e1rias s\u00e3o gestantes ou m\u00e3es de crian\u00e7as com at\u00e9 6 anos de idade em situa\u00e7\u00e3o de pobreza ou de extrema pobreza.<\/p>\n<p>&nbsp;<\/p>\n<p>O calend\u00e1rio de pagamento do CRIA segue o mesmo do Aux\u00edlio Brasil, com a data do dep\u00f3sito correspondente ao final do n\u00famero do NIS.<\/p>\n<p>&nbsp;<\/p>\n<p><a href=\"https:\/\/penedo.al.gov.br\/wp-content\/uploads\/2022\/04\/LISTA-CARTAO-CRIA-PENEDO-SEMDSH-MARCO-e-ABRIL.pdf\"><strong>LISTA CART\u00c3O CRIA PENEDO SEMDSH \u2013 MAR\u00c7O e ABRIL<\/strong><\/a><\/p>\n<p>&nbsp;<\/p>\n<p>&nbsp;<\/p>\n<p>&nbsp;<\/p>\n<p><strong>por Reda\u00e7\u00e3o com &#8211; Decom PMP<\/strong><\/p>\n","protected":false},"excerpt":{"rendered":"<p>A Secretaria Municipal de Desenvolvimento Social e Habita\u00e7\u00e3o (SEMDSH) da Prefeitura de Penedo informa a rela\u00e7\u00e3o de novas benefici\u00e1rias do Programa Crian\u00e7a Alagoana (CRIA). &nbsp; A lista de mulheres inclu\u00eddas no programa de distribui\u00e7\u00e3o de renda lan\u00e7ado no governo de Renan Filho \u00e9 relativa aos meses de mar\u00e7o e abril. &nbsp; O cart\u00e3o est\u00e1 dispon\u00edvel &hellip;<\/p>\n","protected":false},"author":2,"featured_media":23067,"comment_status":"open","ping_status":"open","sticky":false,"template":"","format":"standard","meta":{"_jetpack_memberships_contains_paid_content":false,"footnotes":""},"categories":[1,3],"tags":[],"class_list":["post-23066","post","type-post","status-publish","format-standard","has-post-thumbnail","hentry","category-destaque","category-penedo"],"jetpack_featured_media_url":"https:\/\/www.oparanews.com.br\/wp-content\/uploads\/2022\/04\/MG_1137-scaled-1.jpg","jetpack_sharing_enabled":true,"_links":{"self":[{"href":"https:\/\/www.oparanews.com.br\/index.php\/wp-json\/wp\/v2\/posts\/23066","targetHints":{"allow":["GET"]}}],"collection":[{"href":"https:\/\/www.oparanews.com.br\/index.php\/wp-json\/wp\/v2\/posts"}],"about":[{"href":"https:\/\/www.oparanews.com.br\/index.php\/wp-json\/wp\/v2\/types\/post"}],"author":[{"embeddable":true,"href":"https:\/\/www.oparanews.com.br\/index.php\/wp-json\/wp\/v2\/users\/2"}],"replies":[{"embeddable":true,"href":"https:\/\/www.oparanews.com.br\/index.php\/wp-json\/wp\/v2\/comments?post=23066"}],"version-history":[{"count":1,"href":"https:\/\/www.oparanews.com.br\/index.php\/wp-json\/wp\/v2\/posts\/23066\/revisions"}],"predecessor-version":[{"id":23068,"href":"https:\/\/www.oparanews.com.br\/index.php\/wp-json\/wp\/v2\/posts\/23066\/revisions\/23068"}],"wp:featuredmedia":[{"embeddable":true,"href":"https:\/\/www.oparanews.com.br\/index.php\/wp-json\/wp\/v2\/media\/23067"}],"wp:attachment":[{"href":"https:\/\/www.oparanews.com.br\/index.php\/wp-json\/wp\/v2\/media?parent=23066"}],"wp:term":[{"taxonomy":"category","embeddable":true,"href":"https:\/\/www.oparanews.com.br\/index.php\/wp-json\/wp\/v2\/categories?post=23066"},{"taxonomy":"post_tag","embeddable":true,"href":"https:\/\/www.oparanews.com.br\/index.php\/wp-json\/wp\/v2\/tags?post=23066"}],"curies":[{"name":"wp","href":"https:\/\/api.w.org\/{rel}","templated":true}]}}