{"id":23069,"date":"2022-04-19T17:08:30","date_gmt":"2022-04-19T20:08:30","guid":{"rendered":"https:\/\/www.oparanews.com.br\/?p=23069"},"modified":"2022-04-19T17:08:30","modified_gmt":"2022-04-19T20:08:30","slug":"edital-de-convocacao-para-assembleia-geral-de-fundacao-da-hcl-protecao-veicular","status":"publish","type":"post","link":"https:\/\/www.oparanews.com.br\/index.php\/2022\/04\/19\/edital-de-convocacao-para-assembleia-geral-de-fundacao-da-hcl-protecao-veicular\/","title":{"rendered":"Edital de Convoca\u00e7\u00e3o para Assembleia Geral de Funda\u00e7\u00e3o da HCL Prote\u00e7\u00e3o Veicular"},"content":{"rendered":"<p>&nbsp;<\/p>\n<p><strong>EDITAL DE CONVOCA\u00c7\u00c3O PARA ASSEMBLEIA GERAL DE FUNDA\u00c7\u00c3O, APROVA\u00c7\u00c3O DO ESTATUTO, ELEI\u00c7\u00c3O E POSSE DA 1\u00aa DIRETORIA EXECUTIVA DA HCL PROTE\u00c7\u00c3O VEICULAR<\/strong><\/p>\n<p>&nbsp;<\/p>\n<p>O Sr. Swanclertison Victor da Silva Santos usando das atribui\u00e7\u00f5es que lhe confere as leis vigentes no pa\u00eds, convoca os interessados, em pleno gozo de seus direitos e deveres, para a Assembleia Geral a ser realizada na Rod. Mario Freire Leahy, 1678, Santa Luzia, Penedo\/AL, CEP: 57.200-000, em 29 de abril de 2022, \u00e0s 09h00min em 1\u00aa convoca\u00e7\u00e3o, ou, \u00e0s 09h30min, em 2\u00aa convoca\u00e7\u00e3o, independendo do n\u00famero de associados presentes, para deliberarem sobre a seguinte ordem do dia: (I) Funda\u00e7\u00e3o da Associa\u00e7\u00e3o de direito privado, com fins n\u00e3o econ\u00f4micos; (II) Aprova\u00e7\u00e3o do Estatuto Social; (III) Elei\u00e7\u00e3o e posse dos cargos da Diretoria Executiva e Conselho Fiscal, e demais itens inerentes \u00e0 funda\u00e7\u00e3o da HCL PROTE\u00c7\u00c3O VEICULAR.<\/p>\n<p>&nbsp;<\/p>\n<p>Penedo\/AL, 19 de abril de 2022.<\/p>\n<p>&nbsp;<\/p>\n<p><strong><em>Swanclertison Victor da Silva Santos<\/em><\/strong><\/p>\n<p>&nbsp;<\/p>\n<p>&nbsp;<\/p>\n<p>&nbsp;<\/p>\n<p><a href=\"http:\/\/www.oparanews.com.br\/wp-content\/uploads\/2022\/04\/edital-protecao.jpg\" rel=\"attachment wp-att-23073\"><img loading=\"lazy\" decoding=\"async\" class=\"alignleft wp-image-23073 size-medium\" src=\"http:\/\/www.oparanews.com.br\/wp-content\/uploads\/2022\/04\/edital-protecao-244x300.jpg\" alt=\"\" width=\"244\" height=\"300\" srcset=\"https:\/\/www.oparanews.com.br\/wp-content\/uploads\/2022\/04\/edital-protecao-244x300.jpg 244w, https:\/\/www.oparanews.com.br\/wp-content\/uploads\/2022\/04\/edital-protecao.jpg 633w\" sizes=\"auto, (max-width: 244px) 100vw, 244px\" \/><\/a><\/p>\n","protected":false},"excerpt":{"rendered":"<p>&nbsp; EDITAL DE CONVOCA\u00c7\u00c3O PARA ASSEMBLEIA GERAL DE FUNDA\u00c7\u00c3O, APROVA\u00c7\u00c3O DO ESTATUTO, ELEI\u00c7\u00c3O E POSSE DA 1\u00aa DIRETORIA EXECUTIVA DA HCL PROTE\u00c7\u00c3O VEICULAR &nbsp; O Sr. Swanclertison Victor da Silva Santos usando das atribui\u00e7\u00f5es que lhe confere as leis vigentes no pa\u00eds, convoca os interessados, em pleno gozo de seus direitos e deveres, para a &hellip;<\/p>\n","protected":false},"author":2,"featured_media":23071,"comment_status":"open","ping_status":"open","sticky":false,"template":"","format":"standard","meta":{"_jetpack_memberships_contains_paid_content":false,"footnotes":""},"categories":[1,3],"tags":[],"class_list":["post-23069","post","type-post","status-publish","format-standard","has-post-thumbnail","hentry","category-destaque","category-penedo"],"jetpack_featured_media_url":"https:\/\/www.oparanews.com.br\/wp-content\/uploads\/2022\/04\/edital.png","jetpack_sharing_enabled":true,"_links":{"self":[{"href":"https:\/\/www.oparanews.com.br\/index.php\/wp-json\/wp\/v2\/posts\/23069","targetHints":{"allow":["GET"]}}],"collection":[{"href":"https:\/\/www.oparanews.com.br\/index.php\/wp-json\/wp\/v2\/posts"}],"about":[{"href":"https:\/\/www.oparanews.com.br\/index.php\/wp-json\/wp\/v2\/types\/post"}],"author":[{"embeddable":true,"href":"https:\/\/www.oparanews.com.br\/index.php\/wp-json\/wp\/v2\/users\/2"}],"replies":[{"embeddable":true,"href":"https:\/\/www.oparanews.com.br\/index.php\/wp-json\/wp\/v2\/comments?post=23069"}],"version-history":[{"count":4,"href":"https:\/\/www.oparanews.com.br\/index.php\/wp-json\/wp\/v2\/posts\/23069\/revisions"}],"predecessor-version":[{"id":23077,"href":"https:\/\/www.oparanews.com.br\/index.php\/wp-json\/wp\/v2\/posts\/23069\/revisions\/23077"}],"wp:featuredmedia":[{"embeddable":true,"href":"https:\/\/www.oparanews.com.br\/index.php\/wp-json\/wp\/v2\/media\/23071"}],"wp:attachment":[{"href":"https:\/\/www.oparanews.com.br\/index.php\/wp-json\/wp\/v2\/media?parent=23069"}],"wp:term":[{"taxonomy":"category","embeddable":true,"href":"https:\/\/www.oparanews.com.br\/index.php\/wp-json\/wp\/v2\/categories?post=23069"},{"taxonomy":"post_tag","embeddable":true,"href":"https:\/\/www.oparanews.com.br\/index.php\/wp-json\/wp\/v2\/tags?post=23069"}],"curies":[{"name":"wp","href":"https:\/\/api.w.org\/{rel}","templated":true}]}}