{"id":23081,"date":"2022-04-19T21:50:53","date_gmt":"2022-04-20T00:50:53","guid":{"rendered":"https:\/\/www.oparanews.com.br\/?p=23081"},"modified":"2022-04-19T21:50:53","modified_gmt":"2022-04-20T00:50:53","slug":"em-alagoas-mais-de-14-mil-jovens-emitiram-o-primeiro-titulo-de-eleitor-em-2022","status":"publish","type":"post","link":"https:\/\/www.oparanews.com.br\/index.php\/2022\/04\/19\/em-alagoas-mais-de-14-mil-jovens-emitiram-o-primeiro-titulo-de-eleitor-em-2022\/","title":{"rendered":"Em Alagoas, mais de 14 mil jovens emitiram o primeiro t\u00edtulo de eleitor em 2022"},"content":{"rendered":"<p>Com o apoio de artistas, influenciadores digitais e diversas personalidades, mais de 850 mil jovens, entre 15 e 18 anos, j\u00e1 atenderam ao chamado do Tribunal Superior Eleitoral (TSE) para a emiss\u00e3o do seu primeiro T\u00edtulo de Eleitor. Em Alagoas, o n\u00famero chegou a 14.667 solicita\u00e7\u00f5es, o que corresponde a mais de 80% da quantidade de adolescentes aptos, de acordo com dados do Tribunal Regional Eleitoral de Alagoas (TRE\/AL).<\/p>\n<p>&nbsp;<\/p>\n<p>Nacionalmente, o n\u00famero corresponde a quase dois ter\u00e7os do total de jovens que se alistaram para votar nas Elei\u00e7\u00f5es Municipais de 2020 e sinaliza uma quebra na tend\u00eancia de queda nos n\u00fameros de eleitores nessa faixa et\u00e1ria que vinha se registrando na \u00faltima d\u00e9cada. Vale lembrar que o prazo para a emiss\u00e3o do t\u00edtulo se encerra no dia 4 de maio e a solicita\u00e7\u00e3o pode ser feita pela internet, atrav\u00e9s do sistema T\u00edtulo Net, e tamb\u00e9m presencialmente nos postos de atendimento ao eleitor de cada cidade. A emiss\u00e3o do t\u00edtulo de eleitor para os jovens que t\u00eam entre 16 e 18 anos \u00e9 facultativa, mas tamb\u00e9m um exerc\u00edcio de cidadania.<\/p>\n<p>&nbsp;<\/p>\n<p>Para se ter uma ideia das dimens\u00f5es do movimento de conscientiza\u00e7\u00e3o dos jovens eleitores, o tuita\u00e7o organizado pelo perfil no Twitter do TSE no dia 16 de mar\u00e7o contou com a ades\u00e3o de milhares de usu\u00e1rias e usu\u00e1rios das redes sociais e atingiu mais de 88 milh\u00f5es de pessoas num \u00fanico dia.<\/p>\n<p>&nbsp;<\/p>\n<p>O debate dos jovens nas redes sociais, principalmente no Twitter, foi o que despertou o interesse pela pol\u00edtica na jovem Maria Eduarda Tavares de Carvalho, 19 anos. Para ela, o voto j\u00e1 \u00e9 obrigat\u00f3rio, mas n\u00e3o foi essa a principal motiva\u00e7\u00e3o para que ela se alistasse. Segundo Maria Eduarda, os jovens t\u00eam a obriga\u00e7\u00e3o de ajudar a p\u00f4r em pr\u00e1tica aquilo que acreditam e pregam nas redes sociais. \u201cAcho que a nossa gera\u00e7\u00e3o gosta de militar muito na internet, mas pouco faz de verdade. E tirar o t\u00edtulo \u00e9 a minha forma de fazer algo\u201d, pondera.<\/p>\n<p>&nbsp;<\/p>\n<p>&nbsp;<\/p>\n<p>&nbsp;<\/p>\n<p><strong>por Reda\u00e7\u00e3o com Ascom TRE-AL<\/strong><\/p>\n<p>&nbsp;<\/p>\n","protected":false},"excerpt":{"rendered":"<p>Com o apoio de artistas, influenciadores digitais e diversas personalidades, mais de 850 mil jovens, entre 15 e 18 anos, j\u00e1 atenderam ao chamado do Tribunal Superior Eleitoral (TSE) para a emiss\u00e3o do seu primeiro T\u00edtulo de Eleitor. Em Alagoas, o n\u00famero chegou a 14.667 solicita\u00e7\u00f5es, o que corresponde a mais de 80% da quantidade &hellip;<\/p>\n","protected":false},"author":2,"featured_media":23082,"comment_status":"open","ping_status":"open","sticky":false,"template":"","format":"standard","meta":{"_jetpack_memberships_contains_paid_content":false,"footnotes":""},"categories":[4],"tags":[],"class_list":["post-23081","post","type-post","status-publish","format-standard","has-post-thumbnail","hentry","category-alagoas"],"jetpack_featured_media_url":"https:\/\/www.oparanews.com.br\/wp-content\/uploads\/2022\/04\/agenciabrasil270912_mca2323.webp","jetpack_sharing_enabled":true,"_links":{"self":[{"href":"https:\/\/www.oparanews.com.br\/index.php\/wp-json\/wp\/v2\/posts\/23081","targetHints":{"allow":["GET"]}}],"collection":[{"href":"https:\/\/www.oparanews.com.br\/index.php\/wp-json\/wp\/v2\/posts"}],"about":[{"href":"https:\/\/www.oparanews.com.br\/index.php\/wp-json\/wp\/v2\/types\/post"}],"author":[{"embeddable":true,"href":"https:\/\/www.oparanews.com.br\/index.php\/wp-json\/wp\/v2\/users\/2"}],"replies":[{"embeddable":true,"href":"https:\/\/www.oparanews.com.br\/index.php\/wp-json\/wp\/v2\/comments?post=23081"}],"version-history":[{"count":1,"href":"https:\/\/www.oparanews.com.br\/index.php\/wp-json\/wp\/v2\/posts\/23081\/revisions"}],"predecessor-version":[{"id":23083,"href":"https:\/\/www.oparanews.com.br\/index.php\/wp-json\/wp\/v2\/posts\/23081\/revisions\/23083"}],"wp:featuredmedia":[{"embeddable":true,"href":"https:\/\/www.oparanews.com.br\/index.php\/wp-json\/wp\/v2\/media\/23082"}],"wp:attachment":[{"href":"https:\/\/www.oparanews.com.br\/index.php\/wp-json\/wp\/v2\/media?parent=23081"}],"wp:term":[{"taxonomy":"category","embeddable":true,"href":"https:\/\/www.oparanews.com.br\/index.php\/wp-json\/wp\/v2\/categories?post=23081"},{"taxonomy":"post_tag","embeddable":true,"href":"https:\/\/www.oparanews.com.br\/index.php\/wp-json\/wp\/v2\/tags?post=23081"}],"curies":[{"name":"wp","href":"https:\/\/api.w.org\/{rel}","templated":true}]}}