{"id":23098,"date":"2022-04-20T17:39:34","date_gmt":"2022-04-20T20:39:34","guid":{"rendered":"https:\/\/www.oparanews.com.br\/?p=23098"},"modified":"2022-04-20T17:39:34","modified_gmt":"2022-04-20T20:39:34","slug":"alunos-da-rede-municipal-de-ensino-vao-passar-por-avaliacao-em-coruripe","status":"publish","type":"post","link":"https:\/\/www.oparanews.com.br\/index.php\/2022\/04\/20\/alunos-da-rede-municipal-de-ensino-vao-passar-por-avaliacao-em-coruripe\/","title":{"rendered":"Alunos da rede municipal de ensino v\u00e3o passar por avalia\u00e7\u00e3o em Coruripe"},"content":{"rendered":"<p>Com a pandemia que tirou os alunos da sala de aula por dois anos, tudo foi alterado: Din\u00e2micas de aulas, aprendizado, rotina, intera\u00e7\u00e3o e absor\u00e7\u00e3o do conte\u00fado. Com isso, a educa\u00e7\u00e3o de Coruripe vem realizando uma s\u00e9rie de capacita\u00e7\u00f5es, cursos, workshops e diagn\u00f3sticos para tra\u00e7ar os pr\u00f3ximos passos de retomada, diante do longo per\u00edodo remoto e h\u00edbrido. Em mais uma etapa deste processo, os alunos de toda a rede municipal de ensino v\u00e3o participar do &#8216;Avalia Coruripe&#8217; que acontece no final deste m\u00eas.<\/p>\n<p>&nbsp;<\/p>\n<p>O diagn\u00f3stico vai ser realizado entre os dias 26 de abril e 03 de maio e vai alcan\u00e7ar os alunos de todas as escolas do ensino fundamental 1 e 2, do 1\u00ba ao 9\u00ba ano.<\/p>\n<p>&nbsp;<\/p>\n<p>&#8220;Pela primeira vez o munic\u00edpio de Coruripe vai realizar este tipo de avalia\u00e7\u00e3o diagn\u00f3stica padronizada em todas as turmas e escolas. Essa verifica\u00e7\u00e3o da aprendizagem permitir\u00e1 de modo minucioso detectar os reais impactos da pandemia nos alunos. O &#8216;Avalia Coruripe&#8217; acontece em parceria com o Instituto Alfa e Beto, empresa que est\u00e1 promovendo a a\u00e7\u00e3o junto com a equipe t\u00e9cnica pedag\u00f3gica da Semed a aplica\u00e7\u00e3o dos testes e a divulga\u00e7\u00e3o dos resultados&#8221;, explicou Fabiana Rocha, gerente T\u00e9cnica e Pedag\u00f3gica da Secretaria de Educa\u00e7\u00e3o de Coruripe.<\/p>\n<p>&nbsp;<\/p>\n<p>De acordo com a gerente, os investimentos em Educa\u00e7\u00e3o da administra\u00e7\u00e3o do prefeito Marcelo Beltr\u00e3o buscam manter a excel\u00eancia do ensino alcan\u00e7ado nos \u00faltimos anos.<\/p>\n<p>&nbsp;<\/p>\n<p>&#8220;A rede de ensino se organizou para estabelecer metas e a\u00e7\u00f5es, buscando manter os indicadores alcan\u00e7ados nos \u00faltimos anos. Essa avalia\u00e7\u00e3o servir\u00e1 como term\u00f4metro, que permitir\u00e1 conhecer o n\u00edvel de defasagem na aprendizagem de cada aluno, para desta forma, investirmos em pol\u00edticas p\u00fablicas ideais que possam colaborar de maneira precisa e eficaz na recomposi\u00e7\u00e3o da aprendizagem dos estudantes&#8221;, encerrou.<\/p>\n<p>&nbsp;<\/p>\n<p>Os resultados das avalia\u00e7\u00f5es que acontecem entre os dias 26 de abril e 03 de maio, tamb\u00e9m subsidiar\u00e3o a realiza\u00e7\u00e3o da segunda etapa do Capacita Coruripe, que ser\u00e1 realizado no dia 31 de maio. Eles tamb\u00e9m servem como norte para que a rede de ensino possa revisar o referencial curricular, buscando sempre priorizar a aprendizagem.<\/p>\n<p>&nbsp;<\/p>\n<p>&nbsp;<\/p>\n<p>&nbsp;<\/p>\n<p><strong>por Reda\u00e7\u00e3o com Secom Coruripe<\/strong><\/p>\n<p>&nbsp;<\/p>\n","protected":false},"excerpt":{"rendered":"<p>Com a pandemia que tirou os alunos da sala de aula por dois anos, tudo foi alterado: Din\u00e2micas de aulas, aprendizado, rotina, intera\u00e7\u00e3o e absor\u00e7\u00e3o do conte\u00fado. Com isso, a educa\u00e7\u00e3o de Coruripe vem realizando uma s\u00e9rie de capacita\u00e7\u00f5es, cursos, workshops e diagn\u00f3sticos para tra\u00e7ar os pr\u00f3ximos passos de retomada, diante do longo per\u00edodo remoto &hellip;<\/p>\n","protected":false},"author":2,"featured_media":23099,"comment_status":"open","ping_status":"open","sticky":false,"template":"","format":"standard","meta":{"_jetpack_memberships_contains_paid_content":false,"footnotes":""},"categories":[4],"tags":[],"class_list":["post-23098","post","type-post","status-publish","format-standard","has-post-thumbnail","hentry","category-alagoas"],"jetpack_featured_media_url":"https:\/\/www.oparanews.com.br\/wp-content\/uploads\/2022\/04\/20210927093632_IMG_1187-scaled.jpg","jetpack_sharing_enabled":true,"_links":{"self":[{"href":"https:\/\/www.oparanews.com.br\/index.php\/wp-json\/wp\/v2\/posts\/23098","targetHints":{"allow":["GET"]}}],"collection":[{"href":"https:\/\/www.oparanews.com.br\/index.php\/wp-json\/wp\/v2\/posts"}],"about":[{"href":"https:\/\/www.oparanews.com.br\/index.php\/wp-json\/wp\/v2\/types\/post"}],"author":[{"embeddable":true,"href":"https:\/\/www.oparanews.com.br\/index.php\/wp-json\/wp\/v2\/users\/2"}],"replies":[{"embeddable":true,"href":"https:\/\/www.oparanews.com.br\/index.php\/wp-json\/wp\/v2\/comments?post=23098"}],"version-history":[{"count":1,"href":"https:\/\/www.oparanews.com.br\/index.php\/wp-json\/wp\/v2\/posts\/23098\/revisions"}],"predecessor-version":[{"id":23100,"href":"https:\/\/www.oparanews.com.br\/index.php\/wp-json\/wp\/v2\/posts\/23098\/revisions\/23100"}],"wp:featuredmedia":[{"embeddable":true,"href":"https:\/\/www.oparanews.com.br\/index.php\/wp-json\/wp\/v2\/media\/23099"}],"wp:attachment":[{"href":"https:\/\/www.oparanews.com.br\/index.php\/wp-json\/wp\/v2\/media?parent=23098"}],"wp:term":[{"taxonomy":"category","embeddable":true,"href":"https:\/\/www.oparanews.com.br\/index.php\/wp-json\/wp\/v2\/categories?post=23098"},{"taxonomy":"post_tag","embeddable":true,"href":"https:\/\/www.oparanews.com.br\/index.php\/wp-json\/wp\/v2\/tags?post=23098"}],"curies":[{"name":"wp","href":"https:\/\/api.w.org\/{rel}","templated":true}]}}