{"id":23108,"date":"2022-04-21T12:55:52","date_gmt":"2022-04-21T15:55:52","guid":{"rendered":"https:\/\/www.oparanews.com.br\/?p=23108"},"modified":"2022-04-21T12:55:52","modified_gmt":"2022-04-21T15:55:52","slug":"consumidores-do-saae-penedo-estao-isentos-de-debito-com-conta-de-agua","status":"publish","type":"post","link":"https:\/\/www.oparanews.com.br\/index.php\/2022\/04\/21\/consumidores-do-saae-penedo-estao-isentos-de-debito-com-conta-de-agua\/","title":{"rendered":"Consumidores do SAAE Penedo est\u00e3o isentos de d\u00e9bito com conta de \u00e1gua"},"content":{"rendered":"<p>Consumidores em d\u00e9bito com o SAAE Penedo n\u00e3o precisam mais pagar conta de \u00e1gua em aberto at\u00e9 janeiro deste ano.<\/p>\n<p>&nbsp;<\/p>\n<p>A medida de amplo alcance social foi sancionada nessa quarta-feira, 20, pelo Prefeito Ronaldo Lopes.<\/p>\n<p>&nbsp;<\/p>\n<p>O ato foi acompanhado pelo Diretor do Departamento de Comunica\u00e7\u00e3o da Prefeitura de Penedo, Kim Emmanuel, e pelos vereadores Bili Marques, Sargento Marival, Roberto da Farm\u00e1cia, Rog\u00e9rio dos Peixoto, Irm\u00e3o Jo\u00e3o e Derivan Thomaz.<\/p>\n<p>&nbsp;<\/p>\n<p>A C\u00e2mara de Vereadores aprovou o projeto de lei enviado por Ronaldo Lopes que gerou o benef\u00edcio para a popula\u00e7\u00e3o, principalmente as camadas de baixa renda.<\/p>\n<p>&nbsp;<\/p>\n<p>A sub-roga\u00e7\u00e3o de d\u00e9bitos de consumidores com o SAAE tamb\u00e9m se aplica aos clientes que parcelaram d\u00edvida gerada at\u00e9 janeiro deste ano.<\/p>\n<p>&nbsp;<\/p>\n<p>O consumidor que optou por parcelar seu d\u00e9bito deve se dirigir at\u00e9 a sede da autarquia que o gestor penedense preservou do processo de concess\u00e3o de servi\u00e7os de fornecimento de \u00e1gua e de tratamento de esgoto.<\/p>\n<p>&nbsp;<\/p>\n<p>A atua\u00e7\u00e3o do Prefeito Ronaldo Lopes evitou demiss\u00f5es no SAAE Penedo, assegurou o pagamento dos sal\u00e1rios at\u00e9 a aposentadoria e viabilizou os investimentos que o munic\u00edpio precisa na \u00e1rea de saneamento b\u00e1sico.<\/p>\n<p>&nbsp;<\/p>\n<p>\u201cIsso \u00e9 uma grande conquista que alcan\u00e7amos com apoio da C\u00e2mara de Vereadores e do governador Renan Filho, parceiro de nosso povo que assumiu esse d\u00e9bito\u201d, destaca Ronaldo Lopes sobre a medida que isenta a d\u00edvida gerada principalmente pelos efeitos negativos da pandemia de Covid-19 na renda dos penedenses.<\/p>\n<p>&nbsp;<\/p>\n<p>&nbsp;<\/p>\n<p>&nbsp;<\/p>\n<p><strong>por Reda\u00e7\u00e3o com Fernando Vin\u00edcius &#8211; Decom PMP<\/strong><\/p>\n<p>&nbsp;<\/p>\n","protected":false},"excerpt":{"rendered":"<p>Consumidores em d\u00e9bito com o SAAE Penedo n\u00e3o precisam mais pagar conta de \u00e1gua em aberto at\u00e9 janeiro deste ano. &nbsp; A medida de amplo alcance social foi sancionada nessa quarta-feira, 20, pelo Prefeito Ronaldo Lopes. &nbsp; O ato foi acompanhado pelo Diretor do Departamento de Comunica\u00e7\u00e3o da Prefeitura de Penedo, Kim Emmanuel, e pelos &hellip;<\/p>\n","protected":false},"author":2,"featured_media":23109,"comment_status":"open","ping_status":"open","sticky":false,"template":"","format":"standard","meta":{"_jetpack_memberships_contains_paid_content":false,"footnotes":""},"categories":[1,3],"tags":[],"class_list":["post-23108","post","type-post","status-publish","format-standard","has-post-thumbnail","hentry","category-destaque","category-penedo"],"jetpack_featured_media_url":"https:\/\/www.oparanews.com.br\/wp-content\/uploads\/2022\/04\/ronaldo-lopes-vereadores-penedo.jpg","jetpack_sharing_enabled":true,"_links":{"self":[{"href":"https:\/\/www.oparanews.com.br\/index.php\/wp-json\/wp\/v2\/posts\/23108","targetHints":{"allow":["GET"]}}],"collection":[{"href":"https:\/\/www.oparanews.com.br\/index.php\/wp-json\/wp\/v2\/posts"}],"about":[{"href":"https:\/\/www.oparanews.com.br\/index.php\/wp-json\/wp\/v2\/types\/post"}],"author":[{"embeddable":true,"href":"https:\/\/www.oparanews.com.br\/index.php\/wp-json\/wp\/v2\/users\/2"}],"replies":[{"embeddable":true,"href":"https:\/\/www.oparanews.com.br\/index.php\/wp-json\/wp\/v2\/comments?post=23108"}],"version-history":[{"count":1,"href":"https:\/\/www.oparanews.com.br\/index.php\/wp-json\/wp\/v2\/posts\/23108\/revisions"}],"predecessor-version":[{"id":23110,"href":"https:\/\/www.oparanews.com.br\/index.php\/wp-json\/wp\/v2\/posts\/23108\/revisions\/23110"}],"wp:featuredmedia":[{"embeddable":true,"href":"https:\/\/www.oparanews.com.br\/index.php\/wp-json\/wp\/v2\/media\/23109"}],"wp:attachment":[{"href":"https:\/\/www.oparanews.com.br\/index.php\/wp-json\/wp\/v2\/media?parent=23108"}],"wp:term":[{"taxonomy":"category","embeddable":true,"href":"https:\/\/www.oparanews.com.br\/index.php\/wp-json\/wp\/v2\/categories?post=23108"},{"taxonomy":"post_tag","embeddable":true,"href":"https:\/\/www.oparanews.com.br\/index.php\/wp-json\/wp\/v2\/tags?post=23108"}],"curies":[{"name":"wp","href":"https:\/\/api.w.org\/{rel}","templated":true}]}}