{"id":23129,"date":"2022-04-23T12:58:28","date_gmt":"2022-04-23T15:58:28","guid":{"rendered":"https:\/\/www.oparanews.com.br\/?p=23129"},"modified":"2022-04-23T12:59:00","modified_gmt":"2022-04-23T15:59:00","slug":"por-reajuste-salarial-sindspem-convoca-servidores-para-assembleia-geral-no-dia-27-de-abril","status":"publish","type":"post","link":"https:\/\/www.oparanews.com.br\/index.php\/2022\/04\/23\/por-reajuste-salarial-sindspem-convoca-servidores-para-assembleia-geral-no-dia-27-de-abril\/","title":{"rendered":"Por reajuste salarial, Sindspem convoca servidores para assembleia geral no dia 27 de abril"},"content":{"rendered":"<p>Por reajuste salarial, o presidente do Sindicato dos Servidores P\u00fablicos Municipais de Penedo, convoca todos os filiados para uma assembleia geral extraordin\u00e1ria no dia 27 de abril de 2022.<\/p>\n<p>&nbsp;<\/p>\n<p>&#8220;O que estamos querendo \u00e9 que a lei seja cumprida, pois j\u00e1 fizemos os levantamentos dos repasses do governo federal em 2022, como tamb\u00e9m a distribui\u00e7\u00e3o pelos professores que est\u00e3o atuando em nosso munic\u00edpio, tamb\u00e9m o reajuste dos servidores que est\u00e3o tendo seus sal\u00e1rios engolidos pela infla\u00e7\u00e3o e nada \u00e9 dito de concreto, n\u00e3o estamos pedindo que ningu\u00e9m venha agir fora do que manda a lei, apenas cobrando o que \u00e9 nosso por direto. SAAE, SMTT, GPM, EDUCA\u00c7\u00c3O, SA\u00daDE E DEMAIS SECRETARIAS!&#8221;, diz o Sindicato atrav\u00e9s da rede social.<\/p>\n<p>&nbsp;<\/p>\n<p>Confira abaixo a Nota Oficial da Convoca\u00e7\u00e3o:<\/p>\n<p>&nbsp;<\/p>\n<p><em><strong>O presidente do Sindicato dos Servidores P\u00fablicos Municipais de Penedo (Sindspem), no uso das atribui\u00e7\u00f5es conferidas estatutariamente, CONVOCA os servidores p\u00fablicos do munic\u00edpio de Penedo, filiados a esta Institui\u00e7\u00e3o Sindical, para participarem da Assembleia Geral Extraordin\u00e1ria, a ser realizada no dia 27 de abril de 2022 (quarta-feira), \u00e0s 9h, no Audit\u00f3rio Joaquim Reis de Santana (audit\u00f3rio do Sindspem), para o seguinte fim:<\/strong><\/em><\/p>\n<p>&nbsp;<\/p>\n<p><em><strong>* Indicativo de greve;<\/strong><\/em><br \/>\n<em><strong>* Cria\u00e7\u00e3o da comiss\u00e3o de negocia\u00e7\u00e3o;<\/strong><\/em><br \/>\n<em><strong>* Informes gerais.<\/strong><\/em><\/p>\n<p>&nbsp;<\/p>\n<p>&nbsp;<\/p>\n<p>por Walberth Lima<\/p>\n<p>&nbsp;<\/p>\n","protected":false},"excerpt":{"rendered":"<p>Por reajuste salarial, o presidente do Sindicato dos Servidores P\u00fablicos Municipais de Penedo, convoca todos os filiados para uma assembleia geral extraordin\u00e1ria no dia 27 de abril de 2022. &nbsp; &#8220;O que estamos querendo \u00e9 que a lei seja cumprida, pois j\u00e1 fizemos os levantamentos dos repasses do governo federal em 2022, como tamb\u00e9m a &hellip;<\/p>\n","protected":false},"author":2,"featured_media":23130,"comment_status":"open","ping_status":"open","sticky":false,"template":"","format":"standard","meta":{"_jetpack_memberships_contains_paid_content":false,"footnotes":""},"categories":[1,3],"tags":[],"class_list":["post-23129","post","type-post","status-publish","format-standard","has-post-thumbnail","hentry","category-destaque","category-penedo"],"jetpack_featured_media_url":"https:\/\/www.oparanews.com.br\/wp-content\/uploads\/2022\/04\/Sem-titulo-5.png","jetpack_sharing_enabled":true,"_links":{"self":[{"href":"https:\/\/www.oparanews.com.br\/index.php\/wp-json\/wp\/v2\/posts\/23129","targetHints":{"allow":["GET"]}}],"collection":[{"href":"https:\/\/www.oparanews.com.br\/index.php\/wp-json\/wp\/v2\/posts"}],"about":[{"href":"https:\/\/www.oparanews.com.br\/index.php\/wp-json\/wp\/v2\/types\/post"}],"author":[{"embeddable":true,"href":"https:\/\/www.oparanews.com.br\/index.php\/wp-json\/wp\/v2\/users\/2"}],"replies":[{"embeddable":true,"href":"https:\/\/www.oparanews.com.br\/index.php\/wp-json\/wp\/v2\/comments?post=23129"}],"version-history":[{"count":2,"href":"https:\/\/www.oparanews.com.br\/index.php\/wp-json\/wp\/v2\/posts\/23129\/revisions"}],"predecessor-version":[{"id":23132,"href":"https:\/\/www.oparanews.com.br\/index.php\/wp-json\/wp\/v2\/posts\/23129\/revisions\/23132"}],"wp:featuredmedia":[{"embeddable":true,"href":"https:\/\/www.oparanews.com.br\/index.php\/wp-json\/wp\/v2\/media\/23130"}],"wp:attachment":[{"href":"https:\/\/www.oparanews.com.br\/index.php\/wp-json\/wp\/v2\/media?parent=23129"}],"wp:term":[{"taxonomy":"category","embeddable":true,"href":"https:\/\/www.oparanews.com.br\/index.php\/wp-json\/wp\/v2\/categories?post=23129"},{"taxonomy":"post_tag","embeddable":true,"href":"https:\/\/www.oparanews.com.br\/index.php\/wp-json\/wp\/v2\/tags?post=23129"}],"curies":[{"name":"wp","href":"https:\/\/api.w.org\/{rel}","templated":true}]}}