{"id":23165,"date":"2022-04-26T15:27:15","date_gmt":"2022-04-26T18:27:15","guid":{"rendered":"https:\/\/www.oparanews.com.br\/?p=23165"},"modified":"2022-04-26T15:27:16","modified_gmt":"2022-04-26T18:27:16","slug":"prefeitura-de-penedo-inicia-pagamento-da-folha-de-pessoal-nesta-quarta-27","status":"publish","type":"post","link":"https:\/\/www.oparanews.com.br\/index.php\/2022\/04\/26\/prefeitura-de-penedo-inicia-pagamento-da-folha-de-pessoal-nesta-quarta-27\/","title":{"rendered":"Prefeitura de Penedo inicia pagamento da folha de pessoal nesta quarta, 27"},"content":{"rendered":"<p>A Prefeitura de Penedo inicia nesta quarta-feira, 27, o pagamento do funcionalismo relacionado ao m\u00eas de abril.<\/p>\n<p>&nbsp;<\/p>\n<p>O sal\u00e1rio do pessoal efetivo e contratado \u00e9 pago em dia e dentro do m\u00eas trabalhado, compromisso do governo Ronaldo Lopes com os servidores.<\/p>\n<p>&nbsp;<\/p>\n<p>O calend\u00e1rio atende inicialmente \u00e0s categorias da faixa denominada Demais Secretarias. Na quinta-feira, 28, recebem os trabalhadores da Educa\u00e7\u00e3o e na sexta, 29, o pessoal da Secretaria Municipal de Sa\u00fade e os aniversariantes do m\u00eas (13\u00ba sal\u00e1rio).<\/p>\n<p>&nbsp;<\/p>\n<p>&nbsp;<\/p>\n<p><strong>por Reda\u00e7\u00e3o Decom PMP<\/strong><\/p>\n<p>&nbsp;<\/p>\n<p><a href=\"https:\/\/www.oparanews.com.br\/index.php\/2022\/04\/26\/prefeitura-de-penedo-inicia-pagamento-da-folha-de-pessoal-nesta-quarta-27\/card-folha-abril-pmp-696x696\/\" rel=\"attachment wp-att-23167\"><img loading=\"lazy\" decoding=\"async\" class=\"alignleft size-medium wp-image-23167\" src=\"http:\/\/www.oparanews.com.br\/wp-content\/uploads\/2022\/04\/card-folha-abril-pmp-696x696-1-300x300.jpg\" alt=\"\" width=\"300\" height=\"300\" srcset=\"https:\/\/www.oparanews.com.br\/wp-content\/uploads\/2022\/04\/card-folha-abril-pmp-696x696-1-300x300.jpg 300w, https:\/\/www.oparanews.com.br\/wp-content\/uploads\/2022\/04\/card-folha-abril-pmp-696x696-1-150x150.jpg 150w, https:\/\/www.oparanews.com.br\/wp-content\/uploads\/2022\/04\/card-folha-abril-pmp-696x696-1.jpg 696w\" sizes=\"auto, (max-width: 300px) 100vw, 300px\" \/><\/a><\/p>\n","protected":false},"excerpt":{"rendered":"<p>A Prefeitura de Penedo inicia nesta quarta-feira, 27, o pagamento do funcionalismo relacionado ao m\u00eas de abril. &nbsp; O sal\u00e1rio do pessoal efetivo e contratado \u00e9 pago em dia e dentro do m\u00eas trabalhado, compromisso do governo Ronaldo Lopes com os servidores. &nbsp; O calend\u00e1rio atende inicialmente \u00e0s categorias da faixa denominada Demais Secretarias. Na &hellip;<\/p>\n","protected":false},"author":2,"featured_media":23166,"comment_status":"open","ping_status":"open","sticky":false,"template":"","format":"standard","meta":{"_jetpack_memberships_contains_paid_content":false,"footnotes":""},"categories":[1,3],"tags":[],"class_list":["post-23165","post","type-post","status-publish","format-standard","has-post-thumbnail","hentry","category-destaque","category-penedo"],"jetpack_featured_media_url":"https:\/\/www.oparanews.com.br\/wp-content\/uploads\/2022\/04\/pagamento-salario-prefeitura-penedo.jpg","jetpack_sharing_enabled":true,"_links":{"self":[{"href":"https:\/\/www.oparanews.com.br\/index.php\/wp-json\/wp\/v2\/posts\/23165","targetHints":{"allow":["GET"]}}],"collection":[{"href":"https:\/\/www.oparanews.com.br\/index.php\/wp-json\/wp\/v2\/posts"}],"about":[{"href":"https:\/\/www.oparanews.com.br\/index.php\/wp-json\/wp\/v2\/types\/post"}],"author":[{"embeddable":true,"href":"https:\/\/www.oparanews.com.br\/index.php\/wp-json\/wp\/v2\/users\/2"}],"replies":[{"embeddable":true,"href":"https:\/\/www.oparanews.com.br\/index.php\/wp-json\/wp\/v2\/comments?post=23165"}],"version-history":[{"count":2,"href":"https:\/\/www.oparanews.com.br\/index.php\/wp-json\/wp\/v2\/posts\/23165\/revisions"}],"predecessor-version":[{"id":23169,"href":"https:\/\/www.oparanews.com.br\/index.php\/wp-json\/wp\/v2\/posts\/23165\/revisions\/23169"}],"wp:featuredmedia":[{"embeddable":true,"href":"https:\/\/www.oparanews.com.br\/index.php\/wp-json\/wp\/v2\/media\/23166"}],"wp:attachment":[{"href":"https:\/\/www.oparanews.com.br\/index.php\/wp-json\/wp\/v2\/media?parent=23165"}],"wp:term":[{"taxonomy":"category","embeddable":true,"href":"https:\/\/www.oparanews.com.br\/index.php\/wp-json\/wp\/v2\/categories?post=23165"},{"taxonomy":"post_tag","embeddable":true,"href":"https:\/\/www.oparanews.com.br\/index.php\/wp-json\/wp\/v2\/tags?post=23165"}],"curies":[{"name":"wp","href":"https:\/\/api.w.org\/{rel}","templated":true}]}}