{"id":23170,"date":"2022-04-26T15:29:06","date_gmt":"2022-04-26T18:29:06","guid":{"rendered":"https:\/\/www.oparanews.com.br\/?p=23170"},"modified":"2022-04-26T15:29:06","modified_gmt":"2022-04-26T18:29:06","slug":"semed-penedo-realiza-conferencia-municipal-de-educacao","status":"publish","type":"post","link":"https:\/\/www.oparanews.com.br\/index.php\/2022\/04\/26\/semed-penedo-realiza-conferencia-municipal-de-educacao\/","title":{"rendered":"Semed Penedo realiza Confer\u00eancia Municipal de Educa\u00e7\u00e3o"},"content":{"rendered":"<p>A Secretaria de Educa\u00e7\u00e3o da Prefeitura de Penedo realiza sua Confer\u00eancia Municipal de Educa\u00e7\u00e3o, etapa preparat\u00f3ria para os debates em n\u00edvel estadual e nacional.<\/p>\n<p>&nbsp;<\/p>\n<p>O encontro promovido pela Semed Penedo acontece nesta quarta-feira, 27, no audit\u00f3rio da Faculdade Raimundo Marinho, a partir das 8 horas.<\/p>\n<p>&nbsp;<\/p>\n<p>A etapa municipal ser\u00e1 aberta com o credenciamento dos participantes, seguido de palestra com o Professor Mestre Wellington Santos (IFAL).<\/p>\n<p>&nbsp;<\/p>\n<p>A confer\u00eancia ir\u00e1 debater sobre os seguintes eixos tem\u00e1ticos: Plano Nacional de Educa\u00e7\u00e3o \u2013 Avalia\u00e7\u00e3o de Diretrizes e Metas; Uma Escola Para o Futuro \u2013 Tecnologia e Conectividade a servi\u00e7o da Educa\u00e7\u00e3o; Cria\u00e7\u00e3o do Sistema Nacional de Educa\u00e7\u00e3o \u2013 Avalia\u00e7\u00e3o da legisla\u00e7\u00e3o inerente e do modelo em constru\u00e7\u00e3o.<\/p>\n<p>&nbsp;<\/p>\n<p>Os trabalhos acontecem durante todo o dia, com elabora\u00e7\u00e3o de propostas, vota\u00e7\u00e3o e elei\u00e7\u00e3o dos delegados para a etapa estadual.<\/p>\n<p>&nbsp;<\/p>\n<p>Cada unidade da rede p\u00fablica municipal estar\u00e1 representada por cinco servidores para a confer\u00eancia que tamb\u00e9m prev\u00ea a participa\u00e7\u00e3o de convidados.<\/p>\n<p>&nbsp;<\/p>\n<p>\u201cEsse \u00e9 um grande momento democr\u00e1tico de discuss\u00e3o para todos n\u00f3s da Semed e entidades relacionadas com a Educa\u00e7\u00e3o, debate que tem como finalidade propor ideias para melhorar a educa\u00e7\u00e3o p\u00fablica\u201d, destaca a gestora da Semed Penedo, C\u00edntya Alves.<\/p>\n<p>&nbsp;<\/p>\n<p>&nbsp;<\/p>\n<p>&nbsp;<\/p>\n<p><strong>por Reda\u00e7\u00e3o Decom PMP<\/strong><\/p>\n<p>&nbsp;<\/p>\n<p><a href=\"https:\/\/www.oparanews.com.br\/index.php\/2022\/04\/26\/semed-penedo-realiza-conferencia-municipal-de-educacao\/card-conferencia-educacaao-696x696\/\" rel=\"attachment wp-att-23172\"><img loading=\"lazy\" decoding=\"async\" class=\"alignleft size-medium wp-image-23172\" src=\"http:\/\/www.oparanews.com.br\/wp-content\/uploads\/2022\/04\/card-conferencia-educacaao-696x696-1-300x300.jpeg\" alt=\"\" width=\"300\" height=\"300\" srcset=\"https:\/\/www.oparanews.com.br\/wp-content\/uploads\/2022\/04\/card-conferencia-educacaao-696x696-1-300x300.jpeg 300w, https:\/\/www.oparanews.com.br\/wp-content\/uploads\/2022\/04\/card-conferencia-educacaao-696x696-1-150x150.jpeg 150w, https:\/\/www.oparanews.com.br\/wp-content\/uploads\/2022\/04\/card-conferencia-educacaao-696x696-1.jpeg 696w\" sizes=\"auto, (max-width: 300px) 100vw, 300px\" \/><\/a><\/p>\n","protected":false},"excerpt":{"rendered":"<p>A Secretaria de Educa\u00e7\u00e3o da Prefeitura de Penedo realiza sua Confer\u00eancia Municipal de Educa\u00e7\u00e3o, etapa preparat\u00f3ria para os debates em n\u00edvel estadual e nacional. &nbsp; O encontro promovido pela Semed Penedo acontece nesta quarta-feira, 27, no audit\u00f3rio da Faculdade Raimundo Marinho, a partir das 8 horas. &nbsp; A etapa municipal ser\u00e1 aberta com o credenciamento &hellip;<\/p>\n","protected":false},"author":2,"featured_media":23171,"comment_status":"open","ping_status":"open","sticky":false,"template":"","format":"standard","meta":{"_jetpack_memberships_contains_paid_content":false,"footnotes":""},"categories":[1,3],"tags":[],"class_list":["post-23170","post","type-post","status-publish","format-standard","has-post-thumbnail","hentry","category-destaque","category-penedo"],"jetpack_featured_media_url":"https:\/\/www.oparanews.com.br\/wp-content\/uploads\/2022\/04\/IMG_8611.jpg","jetpack_sharing_enabled":true,"_links":{"self":[{"href":"https:\/\/www.oparanews.com.br\/index.php\/wp-json\/wp\/v2\/posts\/23170","targetHints":{"allow":["GET"]}}],"collection":[{"href":"https:\/\/www.oparanews.com.br\/index.php\/wp-json\/wp\/v2\/posts"}],"about":[{"href":"https:\/\/www.oparanews.com.br\/index.php\/wp-json\/wp\/v2\/types\/post"}],"author":[{"embeddable":true,"href":"https:\/\/www.oparanews.com.br\/index.php\/wp-json\/wp\/v2\/users\/2"}],"replies":[{"embeddable":true,"href":"https:\/\/www.oparanews.com.br\/index.php\/wp-json\/wp\/v2\/comments?post=23170"}],"version-history":[{"count":2,"href":"https:\/\/www.oparanews.com.br\/index.php\/wp-json\/wp\/v2\/posts\/23170\/revisions"}],"predecessor-version":[{"id":23174,"href":"https:\/\/www.oparanews.com.br\/index.php\/wp-json\/wp\/v2\/posts\/23170\/revisions\/23174"}],"wp:featuredmedia":[{"embeddable":true,"href":"https:\/\/www.oparanews.com.br\/index.php\/wp-json\/wp\/v2\/media\/23171"}],"wp:attachment":[{"href":"https:\/\/www.oparanews.com.br\/index.php\/wp-json\/wp\/v2\/media?parent=23170"}],"wp:term":[{"taxonomy":"category","embeddable":true,"href":"https:\/\/www.oparanews.com.br\/index.php\/wp-json\/wp\/v2\/categories?post=23170"},{"taxonomy":"post_tag","embeddable":true,"href":"https:\/\/www.oparanews.com.br\/index.php\/wp-json\/wp\/v2\/tags?post=23170"}],"curies":[{"name":"wp","href":"https:\/\/api.w.org\/{rel}","templated":true}]}}