{"id":23180,"date":"2022-04-27T10:49:54","date_gmt":"2022-04-27T13:49:54","guid":{"rendered":"https:\/\/www.oparanews.com.br\/?p=23180"},"modified":"2022-04-27T10:49:54","modified_gmt":"2022-04-27T13:49:54","slug":"flipenedo-abre-espaco-para-autores-penedenses-e-de-outras-cidades","status":"publish","type":"post","link":"https:\/\/www.oparanews.com.br\/index.php\/2022\/04\/27\/flipenedo-abre-espaco-para-autores-penedenses-e-de-outras-cidades\/","title":{"rendered":"Flipenedo abre espa\u00e7o para autores penedenses e de outras cidades"},"content":{"rendered":"<p>O Largo da Igreja S\u00e3o Gon\u00e7alo, Centro Hist\u00f3rico de Penedo, ser\u00e1 o destino dos que se interessam por livros. A partir de amanh\u00e3 (quinta-feira, 28), escritores e escritoras alagoanos e de outros estados estar\u00e3o na Tenda Liter\u00e1ria da Flipenedo.<\/p>\n<p>&nbsp;<\/p>\n<p>O espa\u00e7o aberto ao p\u00fablico ser\u00e1 o ponto de encontro entre leitores e os que escrevem poesias, contos, cr\u00f4nicas, biografias, romances, pesquisas e obras did\u00e1ticas.<\/p>\n<p>&nbsp;<\/p>\n<p>Entre os naturais da cidade anfitri\u00e3 de sua 1\u00aa Festa Liter\u00e1ria, destaque para poeta e ensa\u00edsta \u00c2ngelo Monteiro. Aos 80 anos e com dezenas de livros produzidos, o escritor radicado em Recife-PE retorna \u00e0 terra natal para lan\u00e7ar Entre as Ondas.<\/p>\n<p>&nbsp;<\/p>\n<p>Monteiro vai dividir a tenda com o tamb\u00e9m poeta penedense Luciano Rocha, presente com os contos Diante do Espelho e Lata D\u2019\u00c1gua na Cabe\u00e7a. Luciano mora em Aracaju-SE, onde a poetisa penedense Cei\u00e7a Rocha Cruz residia.<\/p>\n<p>&nbsp;<\/p>\n<p>Ela est\u00e1 de volta ao lugar onde nasceu e cresceu para lan\u00e7ar Caminhos das \u00c1guas. Quem tamb\u00e9m retornou ao lar \u00e9 Ivone Peixoto, autora da obra O Penedo, pesquisa sobre a hist\u00f3ria da cidade ribeirinha na perspectiva dos que investiram em seu desenvolvimento.<\/p>\n<p>&nbsp;<\/p>\n<p>A produ\u00e7\u00e3o liter\u00e1ria dos penedenses estar\u00e1 na Flipenedo, ao lado do e-book infanto-juvenil Juvenal e o Para\u00edso (Andr\u00e9a Paiva); Eu, Que N\u00e3o Amo Ningu\u00e9m (Franklin Carvalho); Leves Sombras (Luiz Eudes); Paisagens Interiores (D\u00e9cio Torres Cruz); O Homem que Pensou Ser Deus e Outros Contos Cibern\u00e9ticos (Tom Torres).<\/p>\n<p>&nbsp;<\/p>\n<p>Livros de tem\u00e1tica sombria \u2013 Assombrosa(Mente), de Jeane Tertuliano \u2013 ou romance policial \u2013 Por Que Morreu Izabelle? \u2013 tamb\u00e9m est\u00e3o constam entre os lan\u00e7amento da 1\u00aa Festa Liter\u00e1ria de Penedo, evento organizado pela Secretaria Municipal de Cultura, Lazer e Juventude (SEMCLEJ) com apoio do Governo de Alagoas e outras parcerias.<\/p>\n<p>&nbsp;<\/p>\n<p>Carla Emanuele Costa apresenta seu registro sobre a capital do Agreste alagoano: Arapiraca, Minha Cidade, Minha Riqueza; e Marcelino Carvalho traz a obra Expressar Sentimentos.<\/p>\n<p>&nbsp;<\/p>\n<p>Tamb\u00e9m h\u00e1 espa\u00e7o para trabalhos did\u00e1ticos, a exemplo do livros \u2018Por que estudar? Uma reflex\u00e3o acerca do processo de ensino-aprendizagem\u2019, escrito por Elba Teixeira; e \u2018As Contribui\u00e7\u00f5es dos Saberes e Pr\u00e1ticas Pedag\u00f3gicas no Processo de Ensino Aprendizagem\u2019, de Susanne Messias de Farias.<\/p>\n<p>&nbsp;<\/p>\n<p>E o que dizer dos pol\u00eamicos \u2018Lampi\u00e3o, Sua Verdadeira Morte, Angicos N\u00e3o Houve Fim\u2019 e \u2018Lampi\u00e3o e Maria Bonita, A farsa das Mortes no Angico?\u2019, ambos de Ant\u00f4nio Pinto, autor que contesta como se deu a morte de Virgulino Ferreira e parte de seu bando.<\/p>\n<p>&nbsp;<\/p>\n<p>A Filha do Catador de Lixo (Sebastiana Fernandes Amorim) e Playlist-Poema completam a rela\u00e7\u00e3o de livros lan\u00e7ados na Flipenedo.<\/p>\n<p>&nbsp;<\/p>\n<p><a href=\"https:\/\/flipenedo.com.br\/\"><strong>Confira aqui a programa\u00e7\u00e3o completa da 1\u00aa Festa Liter\u00e1ria de Penedo<\/strong><\/a><\/p>\n<p>&nbsp;<\/p>\n<p>&nbsp;<\/p>\n<p>&nbsp;<\/p>\n<p><strong>por Reda\u00e7\u00e3o com Decom PMP<\/strong><\/p>\n<p>&nbsp;<\/p>\n","protected":false},"excerpt":{"rendered":"<p>O Largo da Igreja S\u00e3o Gon\u00e7alo, Centro Hist\u00f3rico de Penedo, ser\u00e1 o destino dos que se interessam por livros. A partir de amanh\u00e3 (quinta-feira, 28), escritores e escritoras alagoanos e de outros estados estar\u00e3o na Tenda Liter\u00e1ria da Flipenedo. &nbsp; O espa\u00e7o aberto ao p\u00fablico ser\u00e1 o ponto de encontro entre leitores e os que &hellip;<\/p>\n","protected":false},"author":2,"featured_media":23181,"comment_status":"open","ping_status":"open","sticky":false,"template":"","format":"standard","meta":{"_jetpack_memberships_contains_paid_content":false,"footnotes":""},"categories":[1,3],"tags":[],"class_list":["post-23180","post","type-post","status-publish","format-standard","has-post-thumbnail","hentry","category-destaque","category-penedo"],"jetpack_featured_media_url":"https:\/\/www.oparanews.com.br\/wp-content\/uploads\/2022\/04\/penedo-alagoas-foto-antonio-fon-decom-pmp.jpg","jetpack_sharing_enabled":true,"_links":{"self":[{"href":"https:\/\/www.oparanews.com.br\/index.php\/wp-json\/wp\/v2\/posts\/23180","targetHints":{"allow":["GET"]}}],"collection":[{"href":"https:\/\/www.oparanews.com.br\/index.php\/wp-json\/wp\/v2\/posts"}],"about":[{"href":"https:\/\/www.oparanews.com.br\/index.php\/wp-json\/wp\/v2\/types\/post"}],"author":[{"embeddable":true,"href":"https:\/\/www.oparanews.com.br\/index.php\/wp-json\/wp\/v2\/users\/2"}],"replies":[{"embeddable":true,"href":"https:\/\/www.oparanews.com.br\/index.php\/wp-json\/wp\/v2\/comments?post=23180"}],"version-history":[{"count":1,"href":"https:\/\/www.oparanews.com.br\/index.php\/wp-json\/wp\/v2\/posts\/23180\/revisions"}],"predecessor-version":[{"id":23182,"href":"https:\/\/www.oparanews.com.br\/index.php\/wp-json\/wp\/v2\/posts\/23180\/revisions\/23182"}],"wp:featuredmedia":[{"embeddable":true,"href":"https:\/\/www.oparanews.com.br\/index.php\/wp-json\/wp\/v2\/media\/23181"}],"wp:attachment":[{"href":"https:\/\/www.oparanews.com.br\/index.php\/wp-json\/wp\/v2\/media?parent=23180"}],"wp:term":[{"taxonomy":"category","embeddable":true,"href":"https:\/\/www.oparanews.com.br\/index.php\/wp-json\/wp\/v2\/categories?post=23180"},{"taxonomy":"post_tag","embeddable":true,"href":"https:\/\/www.oparanews.com.br\/index.php\/wp-json\/wp\/v2\/tags?post=23180"}],"curies":[{"name":"wp","href":"https:\/\/api.w.org\/{rel}","templated":true}]}}