{"id":23183,"date":"2022-04-27T10:58:38","date_gmt":"2022-04-27T13:58:38","guid":{"rendered":"https:\/\/www.oparanews.com.br\/?p=23183"},"modified":"2022-04-27T10:58:38","modified_gmt":"2022-04-27T13:58:38","slug":"jovem-e-preso-tentando-esfaquear-duas-pessoas-em-palmeira-dos-indios","status":"publish","type":"post","link":"https:\/\/www.oparanews.com.br\/index.php\/2022\/04\/27\/jovem-e-preso-tentando-esfaquear-duas-pessoas-em-palmeira-dos-indios\/","title":{"rendered":"Jovem \u00e9 preso tentando esfaquear duas pessoas em Palmeira dos \u00cdndios"},"content":{"rendered":"<p>A Policia Militar registrou neste ter\u00e7a-feira, 26, uma pris\u00e3o no Conjunto Juca Sampaio, em Palmeira dos \u00cdndios.<\/p>\n<p>&nbsp;<\/p>\n<p>Segundo informa\u00e7\u00f5es, um jovem de 23 anos foi preso ap\u00f3s esfaquear duas pessoas. As v\u00edtimas s\u00e3o dois homens, um de 43 anos e o outro de 45 anos.<\/p>\n<p>&nbsp;<\/p>\n<p>Ap\u00f3s praticar o ato, o jovem tentou fugir mas foi encontrado pela pol\u00edcia. Ele foi conduzido at\u00e9 a CISP (Centro Integrado de Seguran\u00e7a P\u00fablica) de Palmeira dos \u00cdndios para as devidas provid\u00eancias.<\/p>\n<p>&nbsp;<\/p>\n<p>&nbsp;<\/p>\n<p>&nbsp;<\/p>\n<p><strong>por Walberth Lima com PM<\/strong><\/p>\n<p>&nbsp;<\/p>\n","protected":false},"excerpt":{"rendered":"<p>A Policia Militar registrou neste ter\u00e7a-feira, 26, uma pris\u00e3o no Conjunto Juca Sampaio, em Palmeira dos \u00cdndios. &nbsp; Segundo informa\u00e7\u00f5es, um jovem de 23 anos foi preso ap\u00f3s esfaquear duas pessoas. As v\u00edtimas s\u00e3o dois homens, um de 43 anos e o outro de 45 anos. &nbsp; Ap\u00f3s praticar o ato, o jovem tentou fugir &hellip;<\/p>\n","protected":false},"author":2,"featured_media":23184,"comment_status":"open","ping_status":"open","sticky":false,"template":"","format":"standard","meta":{"_jetpack_memberships_contains_paid_content":false,"footnotes":""},"categories":[4],"tags":[],"class_list":["post-23183","post","type-post","status-publish","format-standard","has-post-thumbnail","hentry","category-alagoas"],"jetpack_featured_media_url":"https:\/\/www.oparanews.com.br\/wp-content\/uploads\/2022\/04\/Inauguracao-do-CISP-1024x683-1.jpeg","jetpack_sharing_enabled":true,"_links":{"self":[{"href":"https:\/\/www.oparanews.com.br\/index.php\/wp-json\/wp\/v2\/posts\/23183","targetHints":{"allow":["GET"]}}],"collection":[{"href":"https:\/\/www.oparanews.com.br\/index.php\/wp-json\/wp\/v2\/posts"}],"about":[{"href":"https:\/\/www.oparanews.com.br\/index.php\/wp-json\/wp\/v2\/types\/post"}],"author":[{"embeddable":true,"href":"https:\/\/www.oparanews.com.br\/index.php\/wp-json\/wp\/v2\/users\/2"}],"replies":[{"embeddable":true,"href":"https:\/\/www.oparanews.com.br\/index.php\/wp-json\/wp\/v2\/comments?post=23183"}],"version-history":[{"count":1,"href":"https:\/\/www.oparanews.com.br\/index.php\/wp-json\/wp\/v2\/posts\/23183\/revisions"}],"predecessor-version":[{"id":23185,"href":"https:\/\/www.oparanews.com.br\/index.php\/wp-json\/wp\/v2\/posts\/23183\/revisions\/23185"}],"wp:featuredmedia":[{"embeddable":true,"href":"https:\/\/www.oparanews.com.br\/index.php\/wp-json\/wp\/v2\/media\/23184"}],"wp:attachment":[{"href":"https:\/\/www.oparanews.com.br\/index.php\/wp-json\/wp\/v2\/media?parent=23183"}],"wp:term":[{"taxonomy":"category","embeddable":true,"href":"https:\/\/www.oparanews.com.br\/index.php\/wp-json\/wp\/v2\/categories?post=23183"},{"taxonomy":"post_tag","embeddable":true,"href":"https:\/\/www.oparanews.com.br\/index.php\/wp-json\/wp\/v2\/tags?post=23183"}],"curies":[{"name":"wp","href":"https:\/\/api.w.org\/{rel}","templated":true}]}}