{"id":23194,"date":"2022-04-28T13:53:14","date_gmt":"2022-04-28T16:53:14","guid":{"rendered":"https:\/\/www.oparanews.com.br\/?p=23194"},"modified":"2022-04-28T13:53:14","modified_gmt":"2022-04-28T16:53:14","slug":"dia-da-educacao-e-comemorado-com-avancos-na-semed-penedo","status":"publish","type":"post","link":"https:\/\/www.oparanews.com.br\/index.php\/2022\/04\/28\/dia-da-educacao-e-comemorado-com-avancos-na-semed-penedo\/","title":{"rendered":"Dia da Educa\u00e7\u00e3o \u00e9 comemorado com avan\u00e7os na Semed Penedo"},"content":{"rendered":"<p>No Dia da Educa\u00e7\u00e3o, a Secretaria Municipal de Educa\u00e7\u00e3o (Semed) da Prefeitura de Penedo tem muito a mostrar e comemorar.<\/p>\n<p>&nbsp;<\/p>\n<p>Os avan\u00e7os alcan\u00e7ados em diversos setores desde a gest\u00e3o Penedo, Terra do Desenvolvimento e da Cultura est\u00e3o consolidados com o governo Ronaldo Lopes.<\/p>\n<p>&nbsp;<\/p>\n<p>Das salas de aula ao refeit\u00f3rio, nossos estudantes aprendem e recebem alimenta\u00e7\u00e3o de qualidade, com card\u00e1pio elaborado por nutricionistas da Semed, tudo preparado por merendeiras capacitadas e premiadas em concursos organizados pelo Sebrae.<\/p>\n<p>&nbsp;<\/p>\n<p>O acompanhamento assistencial e social atende demandas nas unidades de ensino e no domic\u00edlio dos estudantes que disp\u00f5em de transporte escolar formada por uma das melhores frotas do interior de Alagoas.<\/p>\n<p>&nbsp;<\/p>\n<p>O governo Ronaldo Lopes tamb\u00e9m investe em novas tecnologias, implantando plataformas educacionais e adquirindo computadores, notebooks e cromebooks, facilitando o trabalho da dire\u00e7\u00e3o de cada escola, professores e estudantes.<\/p>\n<p>&nbsp;<\/p>\n<p>A Semed Penedo oferta ainda refor\u00e7o escolar, contribuindo efetivamente no desenvolvimento da aprendizagem nos anos corretos, conforme a idade de alunos e alunas.<\/p>\n<p>&nbsp;<\/p>\n<p>No campo das atividades esportivas, participamos das edi\u00e7\u00f5es do JEAL e dos Jogos Escolares Brasileiros (JEBs), com destaque para a nata\u00e7\u00e3o.<\/p>\n<p>&nbsp;<\/p>\n<p>Quem passou da idade correta para o Ensino Fundamental tem na Educa\u00e7\u00e3o de Jovens e Adultos (EJA) a oportunidade de completar os estudos, seja para quem mora na cidade ou na zona rural.<\/p>\n<p>&nbsp;<\/p>\n<p>A Secretaria de Educa\u00e7\u00e3o de Penedo tamb\u00e9m capacita seu pessoal para ofertar um ensino humanizado e de excel\u00eancia, cada vez melhor.<\/p>\n<p>&nbsp;<\/p>\n<p>\u201cN\u00f3s fazemos educa\u00e7\u00e3o todos os dias! Mas nessa data alusiva eu s\u00f3 tenho a agradecer a equipe que me cerca e d\u00e1 todo suporte para que possamos oferecer aos estudantes e suas fam\u00edlias uma educa\u00e7\u00e3o de qualidade\u201d, afirma C\u00edntya Alves, gestora da Semed Penedo.<\/p>\n<p>&nbsp;<\/p>\n<p>&nbsp;<\/p>\n<p>&nbsp;<\/p>\n<p><strong>por Reda\u00e7\u00e3o com Decom PMP\/Assessoria Semed Penedo<\/strong><\/p>\n<p>&nbsp;<\/p>\n","protected":false},"excerpt":{"rendered":"<p>No Dia da Educa\u00e7\u00e3o, a Secretaria Municipal de Educa\u00e7\u00e3o (Semed) da Prefeitura de Penedo tem muito a mostrar e comemorar. &nbsp; Os avan\u00e7os alcan\u00e7ados em diversos setores desde a gest\u00e3o Penedo, Terra do Desenvolvimento e da Cultura est\u00e3o consolidados com o governo Ronaldo Lopes. &nbsp; Das salas de aula ao refeit\u00f3rio, nossos estudantes aprendem e &hellip;<\/p>\n","protected":false},"author":2,"featured_media":23195,"comment_status":"open","ping_status":"open","sticky":false,"template":"","format":"standard","meta":{"_jetpack_memberships_contains_paid_content":false,"footnotes":""},"categories":[1,3],"tags":[],"class_list":["post-23194","post","type-post","status-publish","format-standard","has-post-thumbnail","hentry","category-destaque","category-penedo"],"jetpack_featured_media_url":"https:\/\/www.oparanews.com.br\/wp-content\/uploads\/2022\/04\/ronaldo-lopes-cintya-alves-estudantes-penedo.jpg","jetpack_sharing_enabled":true,"_links":{"self":[{"href":"https:\/\/www.oparanews.com.br\/index.php\/wp-json\/wp\/v2\/posts\/23194","targetHints":{"allow":["GET"]}}],"collection":[{"href":"https:\/\/www.oparanews.com.br\/index.php\/wp-json\/wp\/v2\/posts"}],"about":[{"href":"https:\/\/www.oparanews.com.br\/index.php\/wp-json\/wp\/v2\/types\/post"}],"author":[{"embeddable":true,"href":"https:\/\/www.oparanews.com.br\/index.php\/wp-json\/wp\/v2\/users\/2"}],"replies":[{"embeddable":true,"href":"https:\/\/www.oparanews.com.br\/index.php\/wp-json\/wp\/v2\/comments?post=23194"}],"version-history":[{"count":1,"href":"https:\/\/www.oparanews.com.br\/index.php\/wp-json\/wp\/v2\/posts\/23194\/revisions"}],"predecessor-version":[{"id":23196,"href":"https:\/\/www.oparanews.com.br\/index.php\/wp-json\/wp\/v2\/posts\/23194\/revisions\/23196"}],"wp:featuredmedia":[{"embeddable":true,"href":"https:\/\/www.oparanews.com.br\/index.php\/wp-json\/wp\/v2\/media\/23195"}],"wp:attachment":[{"href":"https:\/\/www.oparanews.com.br\/index.php\/wp-json\/wp\/v2\/media?parent=23194"}],"wp:term":[{"taxonomy":"category","embeddable":true,"href":"https:\/\/www.oparanews.com.br\/index.php\/wp-json\/wp\/v2\/categories?post=23194"},{"taxonomy":"post_tag","embeddable":true,"href":"https:\/\/www.oparanews.com.br\/index.php\/wp-json\/wp\/v2\/tags?post=23194"}],"curies":[{"name":"wp","href":"https:\/\/api.w.org\/{rel}","templated":true}]}}