{"id":23219,"date":"2022-04-29T20:25:25","date_gmt":"2022-04-29T23:25:25","guid":{"rendered":"https:\/\/www.oparanews.com.br\/?p=23219"},"modified":"2022-04-29T20:25:25","modified_gmt":"2022-04-29T23:25:25","slug":"estudantes-aprendem-e-se-divertem-com-programacao-da-flipenedo","status":"publish","type":"post","link":"https:\/\/www.oparanews.com.br\/index.php\/2022\/04\/29\/estudantes-aprendem-e-se-divertem-com-programacao-da-flipenedo\/","title":{"rendered":"Estudantes aprendem e se divertem com programa\u00e7\u00e3o da FliPenedo"},"content":{"rendered":"<p>Aprender \u00e9 uma troca de experi\u00eancias sem limite de idade. Crian\u00e7as, adolescentes e adultos est\u00e3o vivendo intensamente as oportunidades abertas com a 1\u00aa Festa Liter\u00e1ria de Penedo.<\/p>\n<p>&nbsp;<\/p>\n<p>A programa\u00e7\u00e3o diversificada acontece de forma simult\u00e2nea na tarde desta sexta-feira, 29, segundo dia da FliPenedo.<\/p>\n<p>&nbsp;<\/p>\n<p>No Pa\u00e7o Municipal, estudantes da Educa\u00e7\u00e3o para Jovens e Adultos conhecem a hist\u00f3ria de Penedo. S\u00e3o pessoas que moram na zona rural inclu\u00eddas nas salas de aula pela Secretaria Municipal de Educa\u00e7\u00e3o (Semed).<\/p>\n<p>&nbsp;<\/p>\n<p>Ao mesmo tempo, no audit\u00f3rio da Casa de Aposentadoria, professores aprimoram conhecimento sobre educa\u00e7\u00e3o patrimonial em Alagoas, orienta\u00e7\u00e3o das professoras da Universidade Federal de Alagoas (Ufal), Adriana Capretz e Adriana Guimar\u00e3es.<\/p>\n<p>&nbsp;<\/p>\n<p>Na biblioteca da Sociedade de Cultura e Arte Popular de Penedo promove a oficina sobre a produ\u00e7\u00e3o de livros, mesmo espa\u00e7o onde est\u00e3o realizadas as oficinas de escrita criativa.<\/p>\n<p>&nbsp;<\/p>\n<p>Na manh\u00e3 de hoje, estudantes do Ensino Fundamental do Col\u00e9gio Imaculada Concei\u00e7\u00e3o receberam Fernando Franco e Marta Gusm\u00e3o. No mesmo turno, o escritor e editor Wellington de Melo ensinou para alunos e alunas do 3\u00ba ano do Ensino M\u00e9dio t\u00e9cnicas sobre contos.<\/p>\n<p>&nbsp;<\/p>\n<p>\u201cEstou muito feliz com o convite. \u00c9 muito importante fortalecer a leitura que \u00e9 algo transformador\u201d, disse o autor com mais de duas d\u00e9cadas dedicadas \u00e0 literatura.<\/p>\n<p>&nbsp;<\/p>\n<p><a href=\"https:\/\/flipenedo.com.br\/\"><strong>Confira aqui a programa\u00e7\u00e3o completa da FliPenedo<\/strong><\/a><\/p>\n<p>&nbsp;<\/p>\n<p>\u201cTodos os dias n\u00f3s estamos enviando estudantes da Semed para a FliPenedo, \u00e9 uma iniciativa muito interessante porque podemos desenvolver atividades extraclasse, com divers\u00e3o e conhecimento sobre a cidade\u201d, destaca C\u00edntya Alves, Secret\u00e1ria Municipal de Educa\u00e7\u00e3o, enaltecendo ainda a import\u00e2ncia do incentivo \u00e0 leitura.<\/p>\n<p>&nbsp;<\/p>\n<p>&nbsp;<\/p>\n<p><strong>por Reda\u00e7\u00e3o com Decom PMP<\/strong><\/p>\n<p>&nbsp;<\/p>\n","protected":false},"excerpt":{"rendered":"<p>Aprender \u00e9 uma troca de experi\u00eancias sem limite de idade. Crian\u00e7as, adolescentes e adultos est\u00e3o vivendo intensamente as oportunidades abertas com a 1\u00aa Festa Liter\u00e1ria de Penedo. &nbsp; A programa\u00e7\u00e3o diversificada acontece de forma simult\u00e2nea na tarde desta sexta-feira, 29, segundo dia da FliPenedo. &nbsp; No Pa\u00e7o Municipal, estudantes da Educa\u00e7\u00e3o para Jovens e Adultos &hellip;<\/p>\n","protected":false},"author":2,"featured_media":23220,"comment_status":"open","ping_status":"open","sticky":false,"template":"","format":"standard","meta":{"_jetpack_memberships_contains_paid_content":false,"footnotes":""},"categories":[1,3],"tags":[],"class_list":["post-23219","post","type-post","status-publish","format-standard","has-post-thumbnail","hentry","category-destaque","category-penedo"],"jetpack_featured_media_url":"https:\/\/www.oparanews.com.br\/wp-content\/uploads\/2022\/04\/flipenedo-estudantes-foto-fernando-vinicius-7-696x463-1.jpeg","jetpack_sharing_enabled":true,"_links":{"self":[{"href":"https:\/\/www.oparanews.com.br\/index.php\/wp-json\/wp\/v2\/posts\/23219","targetHints":{"allow":["GET"]}}],"collection":[{"href":"https:\/\/www.oparanews.com.br\/index.php\/wp-json\/wp\/v2\/posts"}],"about":[{"href":"https:\/\/www.oparanews.com.br\/index.php\/wp-json\/wp\/v2\/types\/post"}],"author":[{"embeddable":true,"href":"https:\/\/www.oparanews.com.br\/index.php\/wp-json\/wp\/v2\/users\/2"}],"replies":[{"embeddable":true,"href":"https:\/\/www.oparanews.com.br\/index.php\/wp-json\/wp\/v2\/comments?post=23219"}],"version-history":[{"count":1,"href":"https:\/\/www.oparanews.com.br\/index.php\/wp-json\/wp\/v2\/posts\/23219\/revisions"}],"predecessor-version":[{"id":23221,"href":"https:\/\/www.oparanews.com.br\/index.php\/wp-json\/wp\/v2\/posts\/23219\/revisions\/23221"}],"wp:featuredmedia":[{"embeddable":true,"href":"https:\/\/www.oparanews.com.br\/index.php\/wp-json\/wp\/v2\/media\/23220"}],"wp:attachment":[{"href":"https:\/\/www.oparanews.com.br\/index.php\/wp-json\/wp\/v2\/media?parent=23219"}],"wp:term":[{"taxonomy":"category","embeddable":true,"href":"https:\/\/www.oparanews.com.br\/index.php\/wp-json\/wp\/v2\/categories?post=23219"},{"taxonomy":"post_tag","embeddable":true,"href":"https:\/\/www.oparanews.com.br\/index.php\/wp-json\/wp\/v2\/tags?post=23219"}],"curies":[{"name":"wp","href":"https:\/\/api.w.org\/{rel}","templated":true}]}}