{"id":23222,"date":"2022-04-29T20:34:16","date_gmt":"2022-04-29T23:34:16","guid":{"rendered":"https:\/\/www.oparanews.com.br\/?p=23222"},"modified":"2022-04-29T20:34:16","modified_gmt":"2022-04-29T23:34:16","slug":"alagoas-nao-registra-obito-por-covid-19-nas-ultima-24h","status":"publish","type":"post","link":"https:\/\/www.oparanews.com.br\/index.php\/2022\/04\/29\/alagoas-nao-registra-obito-por-covid-19-nas-ultima-24h\/","title":{"rendered":"Alagoas n\u00e3o registra \u00f3bito por Covid-19 nas \u00faltima 24h"},"content":{"rendered":"<p>A Secretaria Estadual de Sa\u00fade divulgou nesta sexta-feira, 29, o boletim epidemiol\u00f3gico da Covid-19 nas \u00faltimas 24 horas. Alagoas mais uma vez n\u00e3o registrou \u00f3bito e foram registrados 14 casos confirmados.<\/p>\n<p>&nbsp;<\/p>\n<p>No geral, o estado de Alagoas registrou 297.902 casos confirmados nesta Pandemia e 6.924 mortes.<\/p>\n<p>&nbsp;<\/p>\n<p>&nbsp;<\/p>\n<p>&nbsp;<\/p>\n<p><strong>por Walberth Lima com Sesau<\/strong><\/p>\n<p>&nbsp;<\/p>\n","protected":false},"excerpt":{"rendered":"<p>A Secretaria Estadual de Sa\u00fade divulgou nesta sexta-feira, 29, o boletim epidemiol\u00f3gico da Covid-19 nas \u00faltimas 24 horas. Alagoas mais uma vez n\u00e3o registrou \u00f3bito e foram registrados 14 casos confirmados. &nbsp; No geral, o estado de Alagoas registrou 297.902 casos confirmados nesta Pandemia e 6.924 mortes. &nbsp; &nbsp; &nbsp; por Walberth Lima com Sesau &hellip;<\/p>\n","protected":false},"author":2,"featured_media":23046,"comment_status":"open","ping_status":"open","sticky":false,"template":"","format":"standard","meta":{"_jetpack_memberships_contains_paid_content":false,"footnotes":""},"categories":[4],"tags":[],"class_list":["post-23222","post","type-post","status-publish","format-standard","has-post-thumbnail","hentry","category-alagoas"],"jetpack_featured_media_url":"https:\/\/www.oparanews.com.br\/wp-content\/uploads\/2022\/04\/img.jpg","jetpack_sharing_enabled":true,"_links":{"self":[{"href":"https:\/\/www.oparanews.com.br\/index.php\/wp-json\/wp\/v2\/posts\/23222","targetHints":{"allow":["GET"]}}],"collection":[{"href":"https:\/\/www.oparanews.com.br\/index.php\/wp-json\/wp\/v2\/posts"}],"about":[{"href":"https:\/\/www.oparanews.com.br\/index.php\/wp-json\/wp\/v2\/types\/post"}],"author":[{"embeddable":true,"href":"https:\/\/www.oparanews.com.br\/index.php\/wp-json\/wp\/v2\/users\/2"}],"replies":[{"embeddable":true,"href":"https:\/\/www.oparanews.com.br\/index.php\/wp-json\/wp\/v2\/comments?post=23222"}],"version-history":[{"count":1,"href":"https:\/\/www.oparanews.com.br\/index.php\/wp-json\/wp\/v2\/posts\/23222\/revisions"}],"predecessor-version":[{"id":23223,"href":"https:\/\/www.oparanews.com.br\/index.php\/wp-json\/wp\/v2\/posts\/23222\/revisions\/23223"}],"wp:featuredmedia":[{"embeddable":true,"href":"https:\/\/www.oparanews.com.br\/index.php\/wp-json\/wp\/v2\/media\/23046"}],"wp:attachment":[{"href":"https:\/\/www.oparanews.com.br\/index.php\/wp-json\/wp\/v2\/media?parent=23222"}],"wp:term":[{"taxonomy":"category","embeddable":true,"href":"https:\/\/www.oparanews.com.br\/index.php\/wp-json\/wp\/v2\/categories?post=23222"},{"taxonomy":"post_tag","embeddable":true,"href":"https:\/\/www.oparanews.com.br\/index.php\/wp-json\/wp\/v2\/tags?post=23222"}],"curies":[{"name":"wp","href":"https:\/\/api.w.org\/{rel}","templated":true}]}}