{"id":23224,"date":"2022-04-29T20:55:52","date_gmt":"2022-04-29T23:55:52","guid":{"rendered":"https:\/\/www.oparanews.com.br\/?p=23224"},"modified":"2022-04-29T20:55:52","modified_gmt":"2022-04-29T23:55:52","slug":"prefeitura-de-penedo-cria-secretaria-de-turismo-e-secretaria-de-comunicacao","status":"publish","type":"post","link":"https:\/\/www.oparanews.com.br\/index.php\/2022\/04\/29\/prefeitura-de-penedo-cria-secretaria-de-turismo-e-secretaria-de-comunicacao\/","title":{"rendered":"Prefeitura de Penedo cria Secretaria de Turismo e Secretaria de Comunica\u00e7\u00e3o"},"content":{"rendered":"<p>A estrutura do governo Ronaldo Lopes na Prefeitura de Penedo ganha duas novas pastas, a Secretaria Municipal de Comunica\u00e7\u00e3o (SECOM) e a Secretaria Municipal de Turismo (SETUR).<\/p>\n<p>&nbsp;<\/p>\n<p>A medida administrativa aprovada na C\u00e2mara de Vereadores nesta quinta-feira, 28, proporciona mais autonomia para o desenvolvimento do turismo em Penedo, uma das plataformas de trabalho para gerar mais emprego e renda \u00e0 popula\u00e7\u00e3o.<\/p>\n<p>&nbsp;<\/p>\n<p>O setor de turismo estava vinculado \u00e0 Sedetur, pasta administrada pelo empres\u00e1rio Pedro Soares que ganha nova nomenclatura: Secretaria Municipal de Desenvolvimento Econ\u00f4mico, Com\u00e9rcio e Ind\u00fastria (SEDECIN).<\/p>\n<p>&nbsp;<\/p>\n<p>O gestor da Setur ser\u00e1 anunciado em breve, pelo Prefeito Ronaldo Lopes.<\/p>\n<p>&nbsp;<\/p>\n<p>J\u00e1 o trabalho de divulga\u00e7\u00e3o institucional da Prefeitura de Penedo permanece sob controle do web designer Kim Emmanuel Guimar\u00e3es Minas Lopes, respons\u00e1vel pelo departamento que passa a funcionar como Secom, produzindo informa\u00e7\u00f5es de interesse p\u00fablico, orientando a comunica\u00e7\u00e3o interna e mediando a rela\u00e7\u00e3o entre governo e imprensa.<\/p>\n<p>&nbsp;<\/p>\n<p>Ap\u00f3s a aprova\u00e7\u00e3o pelos vereadores, o projeto de lei da minirreforma administrativa ser\u00e1 devolvida pelo Poder Legislativo Municipal ao governo para ser sancionado pelo Prefeito Ronaldo Lopes.<\/p>\n<p>&nbsp;<\/p>\n<p>&nbsp;<\/p>\n<p><strong>por Reda\u00e7\u00e3o com Decom PMP<\/strong><\/p>\n<p>&nbsp;<\/p>\n","protected":false},"excerpt":{"rendered":"<p>A estrutura do governo Ronaldo Lopes na Prefeitura de Penedo ganha duas novas pastas, a Secretaria Municipal de Comunica\u00e7\u00e3o (SECOM) e a Secretaria Municipal de Turismo (SETUR). &nbsp; A medida administrativa aprovada na C\u00e2mara de Vereadores nesta quinta-feira, 28, proporciona mais autonomia para o desenvolvimento do turismo em Penedo, uma das plataformas de trabalho para &hellip;<\/p>\n","protected":false},"author":2,"featured_media":23225,"comment_status":"open","ping_status":"open","sticky":false,"template":"","format":"standard","meta":{"_jetpack_memberships_contains_paid_content":false,"footnotes":""},"categories":[1,3],"tags":[],"class_list":["post-23224","post","type-post","status-publish","format-standard","has-post-thumbnail","hentry","category-destaque","category-penedo"],"jetpack_featured_media_url":"https:\/\/www.oparanews.com.br\/wp-content\/uploads\/2022\/04\/prefeitura-de-penedo-foto-deywesson-duarte2.jpg","jetpack_sharing_enabled":true,"_links":{"self":[{"href":"https:\/\/www.oparanews.com.br\/index.php\/wp-json\/wp\/v2\/posts\/23224","targetHints":{"allow":["GET"]}}],"collection":[{"href":"https:\/\/www.oparanews.com.br\/index.php\/wp-json\/wp\/v2\/posts"}],"about":[{"href":"https:\/\/www.oparanews.com.br\/index.php\/wp-json\/wp\/v2\/types\/post"}],"author":[{"embeddable":true,"href":"https:\/\/www.oparanews.com.br\/index.php\/wp-json\/wp\/v2\/users\/2"}],"replies":[{"embeddable":true,"href":"https:\/\/www.oparanews.com.br\/index.php\/wp-json\/wp\/v2\/comments?post=23224"}],"version-history":[{"count":1,"href":"https:\/\/www.oparanews.com.br\/index.php\/wp-json\/wp\/v2\/posts\/23224\/revisions"}],"predecessor-version":[{"id":23226,"href":"https:\/\/www.oparanews.com.br\/index.php\/wp-json\/wp\/v2\/posts\/23224\/revisions\/23226"}],"wp:featuredmedia":[{"embeddable":true,"href":"https:\/\/www.oparanews.com.br\/index.php\/wp-json\/wp\/v2\/media\/23225"}],"wp:attachment":[{"href":"https:\/\/www.oparanews.com.br\/index.php\/wp-json\/wp\/v2\/media?parent=23224"}],"wp:term":[{"taxonomy":"category","embeddable":true,"href":"https:\/\/www.oparanews.com.br\/index.php\/wp-json\/wp\/v2\/categories?post=23224"},{"taxonomy":"post_tag","embeddable":true,"href":"https:\/\/www.oparanews.com.br\/index.php\/wp-json\/wp\/v2\/tags?post=23224"}],"curies":[{"name":"wp","href":"https:\/\/api.w.org\/{rel}","templated":true}]}}