{"id":23230,"date":"2022-04-30T20:50:37","date_gmt":"2022-04-30T23:50:37","guid":{"rendered":"https:\/\/www.oparanews.com.br\/?p=23230"},"modified":"2022-04-30T20:50:37","modified_gmt":"2022-04-30T23:50:37","slug":"poetas-soltam-o-verso-no-sarau-da-festa-literaria-de-penedo","status":"publish","type":"post","link":"https:\/\/www.oparanews.com.br\/index.php\/2022\/04\/30\/poetas-soltam-o-verso-no-sarau-da-festa-literaria-de-penedo\/","title":{"rendered":"Poetas soltam o verso no Sarau da Festa Liter\u00e1ria de Penedo"},"content":{"rendered":"<p>Entre o primeiro teatro constru\u00eddo em Alagoas e o Mercado P\u00fablico Municipal, poetas e p\u00fablico interpretaram poemas e outros estilos durante o sarau da 1\u00aa Festa Liter\u00e1ria de Penedo.<\/p>\n<p>&nbsp;<\/p>\n<p>As manifesta\u00e7\u00f5es art\u00edsticas interpretadas com talento e alma ecoaram no Centro Hist\u00f3rico na noite dessa sexta-feira, 29, programa cultural recheado de poesias, leituras e m\u00fasica criado no governo Ronaldo Lopes.<\/p>\n<p>&nbsp;<\/p>\n<p>Para a atriz Daniela Catt\u00edvaz, o sarau tem caracter\u00edstica de liberdade. \u201cO encontro de hoje mostra que a poesia n\u00e3o \u00e9 apenas para pessoas selecionadas. A poesia \u00e9 pra todos\u201d, disse a penedense que ganhou, em 2013. o concurso de poesia da Academia de Penedense de Letras, com a \u201cVontade da Poesia.<\/p>\n<p>&nbsp;<\/p>\n<p>Ao lado do ator e produtor Chico de Assis, Daniela declamou, cantou e tocou pandeiro, convidados outros artistas e o p\u00fablico a participar.<\/p>\n<p>&nbsp;<\/p>\n<p>A atriz nascida em Penedo reside atualmente em Macei\u00f3 e atuou na Sala de Criatividade para professores da rede p\u00fablica no s\u00e1bado, 23, tamb\u00e9m ao lado de Chico de Assis, um dos articuladores da FliPenedo.<\/p>\n<p>&nbsp;<\/p>\n<p>Sarau liter\u00e1rio \u00e9 uma iniciativa popular, promovida por pessoas que apreciam a literatura e a poesia.<\/p>\n<p>&nbsp;<\/p>\n<p>\u201cAqui a poesia \u00e9 tirada do livro e recitada para o povo e voc\u00ea v\u00ea a necessidade das pessoas ouvirem a poesia. Ela \u00e9 forte e cada vez mais presente na vida da gente\u201d, explica Chico de Assis.<\/p>\n<p>&nbsp;<\/p>\n<p>\u201cO sarau foi um dos momentos mais esperados para mim e recitar um poema foi um momento de grande felicidade\u201d, disse a escritora Bruna Gomes.<\/p>\n<p>&nbsp;<\/p>\n<p>A FliPenedo ser\u00e1 conclu\u00edda logo mais \u00e0 noite, com a entrega da Comenda Bar\u00e3o de Penedo ao escritor Ant\u00f4nio Gomes e o historiador Ricardo Cravo Albin, no Theatro Sete de Setembro.<\/p>\n<p>&nbsp;<\/p>\n<p>Ap\u00f3s a cerim\u00f4nia, a Prefeitura de Penedo promove shows musicais no palco do largo da Igreja S\u00e3o Gon\u00e7alo, mesmo local da tenda liter\u00e1ria onde livros de autores penedenses foram lan\u00e7ados e espa\u00e7o de apresenta\u00e7\u00f5es culturais.<\/p>\n<p>&nbsp;<\/p>\n<p>&nbsp;<\/p>\n<p><strong>por Reda\u00e7\u00e3o com Decom PMP<\/strong><\/p>\n<p>&nbsp;<\/p>\n","protected":false},"excerpt":{"rendered":"<p>Entre o primeiro teatro constru\u00eddo em Alagoas e o Mercado P\u00fablico Municipal, poetas e p\u00fablico interpretaram poemas e outros estilos durante o sarau da 1\u00aa Festa Liter\u00e1ria de Penedo. &nbsp; As manifesta\u00e7\u00f5es art\u00edsticas interpretadas com talento e alma ecoaram no Centro Hist\u00f3rico na noite dessa sexta-feira, 29, programa cultural recheado de poesias, leituras e m\u00fasica &hellip;<\/p>\n","protected":false},"author":2,"featured_media":23231,"comment_status":"open","ping_status":"open","sticky":false,"template":"","format":"standard","meta":{"_jetpack_memberships_contains_paid_content":false,"footnotes":""},"categories":[1,3],"tags":[],"class_list":["post-23230","post","type-post","status-publish","format-standard","has-post-thumbnail","hentry","category-destaque","category-penedo"],"jetpack_featured_media_url":"https:\/\/www.oparanews.com.br\/wp-content\/uploads\/2022\/04\/flipenedo-daniela-cattivaz-foto-deywisson-duarte.jpeg","jetpack_sharing_enabled":true,"_links":{"self":[{"href":"https:\/\/www.oparanews.com.br\/index.php\/wp-json\/wp\/v2\/posts\/23230","targetHints":{"allow":["GET"]}}],"collection":[{"href":"https:\/\/www.oparanews.com.br\/index.php\/wp-json\/wp\/v2\/posts"}],"about":[{"href":"https:\/\/www.oparanews.com.br\/index.php\/wp-json\/wp\/v2\/types\/post"}],"author":[{"embeddable":true,"href":"https:\/\/www.oparanews.com.br\/index.php\/wp-json\/wp\/v2\/users\/2"}],"replies":[{"embeddable":true,"href":"https:\/\/www.oparanews.com.br\/index.php\/wp-json\/wp\/v2\/comments?post=23230"}],"version-history":[{"count":1,"href":"https:\/\/www.oparanews.com.br\/index.php\/wp-json\/wp\/v2\/posts\/23230\/revisions"}],"predecessor-version":[{"id":23232,"href":"https:\/\/www.oparanews.com.br\/index.php\/wp-json\/wp\/v2\/posts\/23230\/revisions\/23232"}],"wp:featuredmedia":[{"embeddable":true,"href":"https:\/\/www.oparanews.com.br\/index.php\/wp-json\/wp\/v2\/media\/23231"}],"wp:attachment":[{"href":"https:\/\/www.oparanews.com.br\/index.php\/wp-json\/wp\/v2\/media?parent=23230"}],"wp:term":[{"taxonomy":"category","embeddable":true,"href":"https:\/\/www.oparanews.com.br\/index.php\/wp-json\/wp\/v2\/categories?post=23230"},{"taxonomy":"post_tag","embeddable":true,"href":"https:\/\/www.oparanews.com.br\/index.php\/wp-json\/wp\/v2\/tags?post=23230"}],"curies":[{"name":"wp","href":"https:\/\/api.w.org\/{rel}","templated":true}]}}