{"id":23236,"date":"2022-04-30T21:21:58","date_gmt":"2022-05-01T00:21:58","guid":{"rendered":"https:\/\/www.oparanews.com.br\/?p=23236"},"modified":"2022-04-30T21:21:58","modified_gmt":"2022-05-01T00:21:58","slug":"adolescente-e-apreendido-com-cocaina-e-maconha-em-penedo","status":"publish","type":"post","link":"https:\/\/www.oparanews.com.br\/index.php\/2022\/04\/30\/adolescente-e-apreendido-com-cocaina-e-maconha-em-penedo\/","title":{"rendered":"Adolescente \u00e9 apreendido com coca\u00edna e maconha em Penedo"},"content":{"rendered":"<p>Nesta sexta-feira, 29, ap\u00f3s uma den\u00fancia an\u00f4nima, os policiais do 11\u00ba BPM apreenderam um adolescente no Conjunto Vale do Marituba, parte alta do munic\u00edpio ribeirinho de Penedo.<\/p>\n<p>&nbsp;<\/p>\n<p>Segundo a PM, quando o adolescente percebeu a presen\u00e7a da Pol\u00edcia tentou fugir, mas foi alcan\u00e7ado em seguida. Com ele foram encontrados 227 papelotes de coca\u00edna e 20g de maconha.<\/p>\n<p>&nbsp;<\/p>\n<p>O menor foi apreendido e encaminhado at\u00e9 a Delegacia de S\u00e3o Miguel dos Campos, local onde foi autuado em flagrante por ato infracional an\u00e1logo ao crime de tr\u00e1fico de entorpecentes.<\/p>\n<p>&nbsp;<\/p>\n<p>&nbsp;<\/p>\n<p><strong>por Walberth Lima com PM<\/strong><\/p>\n<p>&nbsp;<\/p>\n","protected":false},"excerpt":{"rendered":"<p>Nesta sexta-feira, 29, ap\u00f3s uma den\u00fancia an\u00f4nima, os policiais do 11\u00ba BPM apreenderam um adolescente no Conjunto Vale do Marituba, parte alta do munic\u00edpio ribeirinho de Penedo. &nbsp; Segundo a PM, quando o adolescente percebeu a presen\u00e7a da Pol\u00edcia tentou fugir, mas foi alcan\u00e7ado em seguida. Com ele foram encontrados 227 papelotes de coca\u00edna e &hellip;<\/p>\n","protected":false},"author":2,"featured_media":23237,"comment_status":"open","ping_status":"open","sticky":false,"template":"","format":"standard","meta":{"_jetpack_memberships_contains_paid_content":false,"footnotes":""},"categories":[4,1,3],"tags":[],"class_list":["post-23236","post","type-post","status-publish","format-standard","has-post-thumbnail","hentry","category-alagoas","category-destaque","category-penedo"],"jetpack_featured_media_url":"https:\/\/www.oparanews.com.br\/wp-content\/uploads\/2022\/04\/Sem-titulo-8.png","jetpack_sharing_enabled":true,"_links":{"self":[{"href":"https:\/\/www.oparanews.com.br\/index.php\/wp-json\/wp\/v2\/posts\/23236","targetHints":{"allow":["GET"]}}],"collection":[{"href":"https:\/\/www.oparanews.com.br\/index.php\/wp-json\/wp\/v2\/posts"}],"about":[{"href":"https:\/\/www.oparanews.com.br\/index.php\/wp-json\/wp\/v2\/types\/post"}],"author":[{"embeddable":true,"href":"https:\/\/www.oparanews.com.br\/index.php\/wp-json\/wp\/v2\/users\/2"}],"replies":[{"embeddable":true,"href":"https:\/\/www.oparanews.com.br\/index.php\/wp-json\/wp\/v2\/comments?post=23236"}],"version-history":[{"count":1,"href":"https:\/\/www.oparanews.com.br\/index.php\/wp-json\/wp\/v2\/posts\/23236\/revisions"}],"predecessor-version":[{"id":23238,"href":"https:\/\/www.oparanews.com.br\/index.php\/wp-json\/wp\/v2\/posts\/23236\/revisions\/23238"}],"wp:featuredmedia":[{"embeddable":true,"href":"https:\/\/www.oparanews.com.br\/index.php\/wp-json\/wp\/v2\/media\/23237"}],"wp:attachment":[{"href":"https:\/\/www.oparanews.com.br\/index.php\/wp-json\/wp\/v2\/media?parent=23236"}],"wp:term":[{"taxonomy":"category","embeddable":true,"href":"https:\/\/www.oparanews.com.br\/index.php\/wp-json\/wp\/v2\/categories?post=23236"},{"taxonomy":"post_tag","embeddable":true,"href":"https:\/\/www.oparanews.com.br\/index.php\/wp-json\/wp\/v2\/tags?post=23236"}],"curies":[{"name":"wp","href":"https:\/\/api.w.org\/{rel}","templated":true}]}}