{"id":23239,"date":"2022-04-30T21:58:53","date_gmt":"2022-05-01T00:58:53","guid":{"rendered":"https:\/\/www.oparanews.com.br\/?p=23239"},"modified":"2022-04-30T21:58:53","modified_gmt":"2022-05-01T00:58:53","slug":"idosos-ja-podem-tomar-a-4a-dose-da-vacina-contra-a-covid-19-em-penedo","status":"publish","type":"post","link":"https:\/\/www.oparanews.com.br\/index.php\/2022\/04\/30\/idosos-ja-podem-tomar-a-4a-dose-da-vacina-contra-a-covid-19-em-penedo\/","title":{"rendered":"Idosos j\u00e1 podem tomar a 4\u00aa dose da vacina contra a Covid-19 em Penedo"},"content":{"rendered":"<p>A Prefeitura de Penedo divulgou atrav\u00e9s das redes sociais que os idosos de 60 anos ou mais j\u00e1 podem tomar 4\u00aa dose da vacina contra a Covid-19. Lembrando que o intervalo da 3\u00aa e 4\u00aa dose tem que ser de 4 meses.<\/p>\n<p>&nbsp;<\/p>\n<p>A vacina est\u00e1 dispon\u00edvel nos postos de sa\u00fade do munic\u00edpio de segunda a sexta-feira, das 7h \u00e0s 11h30 e das 13h30 \u00e0s 17h.<\/p>\n<p>Outro ponto de vacina\u00e7\u00e3o que o munic\u00edpio disponibiliza \u00e9 o Theatro Sete de Setembro (centro) que ficar\u00e1 aberto para vacina\u00e7\u00e3o de segunda a sexta-feira, das 7h \u00e0s 11h30 e das 13h30 \u00e0s 17h , e aos s\u00e1bados das 7h \u00e0s 13h.<\/p>\n<p>&nbsp;<\/p>\n<p>At\u00e9 o momento, Penedo registrou 4.889 casos confirmados da Covid-19 e 93 \u00f3bitos.<\/p>\n<p>&nbsp;<\/p>\n<p>&nbsp;<\/p>\n<p>&nbsp;<\/p>\n<p><strong>por Walberth Lima<\/strong><\/p>\n<p>&nbsp;<\/p>\n","protected":false},"excerpt":{"rendered":"<p>A Prefeitura de Penedo divulgou atrav\u00e9s das redes sociais que os idosos de 60 anos ou mais j\u00e1 podem tomar 4\u00aa dose da vacina contra a Covid-19. Lembrando que o intervalo da 3\u00aa e 4\u00aa dose tem que ser de 4 meses. &nbsp; A vacina est\u00e1 dispon\u00edvel nos postos de sa\u00fade do munic\u00edpio de segunda &hellip;<\/p>\n","protected":false},"author":2,"featured_media":23240,"comment_status":"open","ping_status":"open","sticky":false,"template":"","format":"standard","meta":{"_jetpack_memberships_contains_paid_content":false,"footnotes":""},"categories":[1,3],"tags":[],"class_list":["post-23239","post","type-post","status-publish","format-standard","has-post-thumbnail","hentry","category-destaque","category-penedo"],"jetpack_featured_media_url":"https:\/\/www.oparanews.com.br\/wp-content\/uploads\/2022\/04\/IMG-20220430-WA0038.jpg","jetpack_sharing_enabled":true,"_links":{"self":[{"href":"https:\/\/www.oparanews.com.br\/index.php\/wp-json\/wp\/v2\/posts\/23239","targetHints":{"allow":["GET"]}}],"collection":[{"href":"https:\/\/www.oparanews.com.br\/index.php\/wp-json\/wp\/v2\/posts"}],"about":[{"href":"https:\/\/www.oparanews.com.br\/index.php\/wp-json\/wp\/v2\/types\/post"}],"author":[{"embeddable":true,"href":"https:\/\/www.oparanews.com.br\/index.php\/wp-json\/wp\/v2\/users\/2"}],"replies":[{"embeddable":true,"href":"https:\/\/www.oparanews.com.br\/index.php\/wp-json\/wp\/v2\/comments?post=23239"}],"version-history":[{"count":1,"href":"https:\/\/www.oparanews.com.br\/index.php\/wp-json\/wp\/v2\/posts\/23239\/revisions"}],"predecessor-version":[{"id":23241,"href":"https:\/\/www.oparanews.com.br\/index.php\/wp-json\/wp\/v2\/posts\/23239\/revisions\/23241"}],"wp:featuredmedia":[{"embeddable":true,"href":"https:\/\/www.oparanews.com.br\/index.php\/wp-json\/wp\/v2\/media\/23240"}],"wp:attachment":[{"href":"https:\/\/www.oparanews.com.br\/index.php\/wp-json\/wp\/v2\/media?parent=23239"}],"wp:term":[{"taxonomy":"category","embeddable":true,"href":"https:\/\/www.oparanews.com.br\/index.php\/wp-json\/wp\/v2\/categories?post=23239"},{"taxonomy":"post_tag","embeddable":true,"href":"https:\/\/www.oparanews.com.br\/index.php\/wp-json\/wp\/v2\/tags?post=23239"}],"curies":[{"name":"wp","href":"https:\/\/api.w.org\/{rel}","templated":true}]}}