{"id":23260,"date":"2022-05-02T17:22:43","date_gmt":"2022-05-02T20:22:43","guid":{"rendered":"https:\/\/www.oparanews.com.br\/?p=23260"},"modified":"2022-05-02T17:22:43","modified_gmt":"2022-05-02T20:22:43","slug":"vigilancia-sanitaria-retira-de-circulacao-900-kg-de-alimentos-no-fim-de-semana","status":"publish","type":"post","link":"https:\/\/www.oparanews.com.br\/index.php\/2022\/05\/02\/vigilancia-sanitaria-retira-de-circulacao-900-kg-de-alimentos-no-fim-de-semana\/","title":{"rendered":"Vigil\u00e2ncia Sanit\u00e1ria retira de circula\u00e7\u00e3o 900 kg de alimentos no fim de semana"},"content":{"rendered":"<p>Em mais um fim de semana de fiscaliza\u00e7\u00f5es na capital alagoana, a Vigil\u00e2ncia Sanit\u00e1ria de Macei\u00f3 (Visa) apreendeu, no s\u00e1bado (30) e domingo (1\u00ba), 900 kg de produtos perec\u00edveis e n\u00e3o perec\u00edveis impr\u00f3prios para consumo humano. O trabalho ocorreu em supermercados, frigor\u00edficos e latic\u00ednios dos bairros Levada, Jacintinho, Tabuleiro do Martins e Benedito Bentes.<\/p>\n<p>&nbsp;<\/p>\n<p>Durante as fiscaliza\u00e7\u00f5es, os fiscais do \u00f3rg\u00e3o observaram as condi\u00e7\u00f5es de armazenamento, refrigera\u00e7\u00e3o, manipula\u00e7\u00e3o, conserva\u00e7\u00e3o e comercializa\u00e7\u00e3o dos alimentos. Entre os produtos apreendidos e retirados da exposi\u00e7\u00e3o \u00e0 venda estavam carne bovina e su\u00edna, lingui\u00e7a calabresa, mortadela, leite e biscoitos.<\/p>\n<p>&nbsp;<\/p>\n<p>Segundo o coordenador da Vigil\u00e2ncia Sanit\u00e1ria, Airton Santos, as a\u00e7\u00f5es de fiscaliza\u00e7\u00e3o s\u00e3o rotineiras e t\u00eam o prop\u00f3sito de levar orienta\u00e7\u00e3o aos empreendimentos sobre a forma correta de comercializa\u00e7\u00e3o aliment\u00edcia.<\/p>\n<p>&nbsp;<\/p>\n<p>\u201cA fiscaliza\u00e7\u00f5es realizadas pela Vigil\u00e2ncia Sanit\u00e1ria s\u00e3o de rotina. Estamos sempre nas ruas de Macei\u00f3, levando aos comerciantes orienta\u00e7\u00f5es sobre a import\u00e2ncia de manter as normas sanit\u00e1rias para que a sa\u00fade da popula\u00e7\u00e3o seja assegurada. Nosso intuito n\u00e3o \u00e9 punir, mas orientar e educar a popula\u00e7\u00e3o\u201d, ressalta o coordenador.<\/p>\n<p>&nbsp;<\/p>\n<p>Os locais onde houve o recolhimento dos alimentos impr\u00f3prios para consumo foram notificados e poder\u00e3o receber multa que varia de R$ 180 a R$ 19 mil, a depender da gravidade do caso. Os alimentos apreendidos foram encaminhados ao descarte no aterro sanit\u00e1rio de Macei\u00f3.<\/p>\n<p>&nbsp;<\/p>\n<p><strong>A\u00e7\u00f5es educativas<\/strong><\/p>\n<p>&nbsp;<\/p>\n<p>Al\u00e9m do recolhimento de alimentos fora do prazo de validade, durante o fim de semana, a Vigil\u00e2ncia Sanit\u00e1ria tamb\u00e9m esteve no Mercado da Produ\u00e7\u00e3o (Levada), Mercado do Jacintinho, Feirinha do Tabuleiro e feiras do Benedito Bentes I e II, levando a\u00e7\u00f5es educativas por meio da entrega de m\u00e1scaras descart\u00e1veis e de panfletos informativos, com o objetivo de orientar comerciantes e consumidores a comercializar e adquirir, respectivamente, produtos dentro do prazo de validade.<\/p>\n<p>&nbsp;<\/p>\n<p><strong>Disque Den\u00fancia e WhatsApp<\/strong><\/p>\n<p>&nbsp;<\/p>\n<p>Para denunciar irregularidades, observadas em estabelecimentos fora das adequa\u00e7\u00f5es sanit\u00e1rias e que causam riscos \u00e0 sa\u00fade da popula\u00e7\u00e3o, os maceioenses podem entrar em contato no telefone (82) 3312-5495, de segunda a sexta-feira, das 7h \u00e0s 13h, ou pelo WhatsApp (82) 98705-0730, que funciona 24h, todos os dias.<\/p>\n<p>&nbsp;<\/p>\n<p>&nbsp;<\/p>\n<p>&nbsp;<\/p>\n<p><strong>Fonte: Ascom SMS<\/strong><\/p>\n<p>&nbsp;<\/p>\n","protected":false},"excerpt":{"rendered":"<p>Em mais um fim de semana de fiscaliza\u00e7\u00f5es na capital alagoana, a Vigil\u00e2ncia Sanit\u00e1ria de Macei\u00f3 (Visa) apreendeu, no s\u00e1bado (30) e domingo (1\u00ba), 900 kg de produtos perec\u00edveis e n\u00e3o perec\u00edveis impr\u00f3prios para consumo humano. O trabalho ocorreu em supermercados, frigor\u00edficos e latic\u00ednios dos bairros Levada, Jacintinho, Tabuleiro do Martins e Benedito Bentes. &nbsp; &hellip;<\/p>\n","protected":false},"author":2,"featured_media":23261,"comment_status":"open","ping_status":"open","sticky":false,"template":"","format":"standard","meta":{"_jetpack_memberships_contains_paid_content":false,"footnotes":""},"categories":[4],"tags":[],"class_list":["post-23260","post","type-post","status-publish","format-standard","has-post-thumbnail","hentry","category-alagoas"],"jetpack_featured_media_url":"https:\/\/www.oparanews.com.br\/wp-content\/uploads\/2022\/05\/WhatsApp-Image-2022-05-02-at-12.59.07.jpeg","jetpack_sharing_enabled":true,"_links":{"self":[{"href":"https:\/\/www.oparanews.com.br\/index.php\/wp-json\/wp\/v2\/posts\/23260","targetHints":{"allow":["GET"]}}],"collection":[{"href":"https:\/\/www.oparanews.com.br\/index.php\/wp-json\/wp\/v2\/posts"}],"about":[{"href":"https:\/\/www.oparanews.com.br\/index.php\/wp-json\/wp\/v2\/types\/post"}],"author":[{"embeddable":true,"href":"https:\/\/www.oparanews.com.br\/index.php\/wp-json\/wp\/v2\/users\/2"}],"replies":[{"embeddable":true,"href":"https:\/\/www.oparanews.com.br\/index.php\/wp-json\/wp\/v2\/comments?post=23260"}],"version-history":[{"count":1,"href":"https:\/\/www.oparanews.com.br\/index.php\/wp-json\/wp\/v2\/posts\/23260\/revisions"}],"predecessor-version":[{"id":23262,"href":"https:\/\/www.oparanews.com.br\/index.php\/wp-json\/wp\/v2\/posts\/23260\/revisions\/23262"}],"wp:featuredmedia":[{"embeddable":true,"href":"https:\/\/www.oparanews.com.br\/index.php\/wp-json\/wp\/v2\/media\/23261"}],"wp:attachment":[{"href":"https:\/\/www.oparanews.com.br\/index.php\/wp-json\/wp\/v2\/media?parent=23260"}],"wp:term":[{"taxonomy":"category","embeddable":true,"href":"https:\/\/www.oparanews.com.br\/index.php\/wp-json\/wp\/v2\/categories?post=23260"},{"taxonomy":"post_tag","embeddable":true,"href":"https:\/\/www.oparanews.com.br\/index.php\/wp-json\/wp\/v2\/tags?post=23260"}],"curies":[{"name":"wp","href":"https:\/\/api.w.org\/{rel}","templated":true}]}}