{"id":23273,"date":"2022-05-03T11:22:43","date_gmt":"2022-05-03T14:22:43","guid":{"rendered":"https:\/\/www.oparanews.com.br\/?p=23273"},"modified":"2022-05-03T11:22:43","modified_gmt":"2022-05-03T14:22:43","slug":"igps-informa-regularizacao-do-pagamento-aos-professores-em-penedo","status":"publish","type":"post","link":"https:\/\/www.oparanews.com.br\/index.php\/2022\/05\/03\/igps-informa-regularizacao-do-pagamento-aos-professores-em-penedo\/","title":{"rendered":"IGPS informa regulariza\u00e7\u00e3o do pagamento aos professores em Penedo"},"content":{"rendered":"<p>O Instituto de Gest\u00e3o de Pol\u00edticas P\u00fablicas Sociais (IGPS) informou \u00e0 Prefeitura de Penedo a regulariza\u00e7\u00e3o do pagamento do m\u00eas de abril e do que restava ser quitado de mar\u00e7o aos professores contratados para atuar na rede p\u00fablica municipal.<\/p>\n<p>&nbsp;<\/p>\n<p>A conclus\u00e3o da folha de responsabilidade do IGPS ocorreu no in\u00edcio da noite de ontem (segunda-feira, 02) para 99% dos contratados, restando apenas alguns profissionais.<\/p>\n<p>&nbsp;<\/p>\n<p>De acordo com o respons\u00e1vel pelo IGPS em Alagoas, faltavam dados banc\u00e1rios de alguns colaboradores para finalizar o procedimento que dever\u00e1 ser conclu\u00eddo nesta ter\u00e7a, 03.<\/p>\n<p>&nbsp;<\/p>\n<p>Em nota publicada no seu site, o instituto informou que o atraso no pagamento do sal\u00e1rio de abril ocorreu \u201cem virtude de um problema com a Caixa Econ\u00f4mica Federal, no tocante as vincula\u00e7\u00f5es e abertura de conta sal\u00e1rio dos novos colaboradores vinculados a Secretaria Municipal de Educa\u00e7\u00e3o de Penedo\u201d.<\/p>\n<p>&nbsp;<\/p>\n<p>A Prefeitura de Penedo, por sua vez, cobrou do IGPS mais celeridade nos procedimentos para que nenhum colaborador venha a ser prejudicado.<\/p>\n<p>&nbsp;<\/p>\n<p>&nbsp;<\/p>\n<p>&nbsp;<\/p>\n<p><strong>por Reda\u00e7\u00e3o com Decom PMP<\/strong><\/p>\n<p>&nbsp;<\/p>\n","protected":false},"excerpt":{"rendered":"<p>O Instituto de Gest\u00e3o de Pol\u00edticas P\u00fablicas Sociais (IGPS) informou \u00e0 Prefeitura de Penedo a regulariza\u00e7\u00e3o do pagamento do m\u00eas de abril e do que restava ser quitado de mar\u00e7o aos professores contratados para atuar na rede p\u00fablica municipal. &nbsp; A conclus\u00e3o da folha de responsabilidade do IGPS ocorreu no in\u00edcio da noite de ontem &hellip;<\/p>\n","protected":false},"author":2,"featured_media":23274,"comment_status":"open","ping_status":"open","sticky":false,"template":"","format":"standard","meta":{"_jetpack_memberships_contains_paid_content":false,"footnotes":""},"categories":[1,3],"tags":[],"class_list":["post-23273","post","type-post","status-publish","format-standard","has-post-thumbnail","hentry","category-destaque","category-penedo"],"jetpack_featured_media_url":"https:\/\/www.oparanews.com.br\/wp-content\/uploads\/2022\/05\/pgto-professora.jpg","jetpack_sharing_enabled":true,"_links":{"self":[{"href":"https:\/\/www.oparanews.com.br\/index.php\/wp-json\/wp\/v2\/posts\/23273","targetHints":{"allow":["GET"]}}],"collection":[{"href":"https:\/\/www.oparanews.com.br\/index.php\/wp-json\/wp\/v2\/posts"}],"about":[{"href":"https:\/\/www.oparanews.com.br\/index.php\/wp-json\/wp\/v2\/types\/post"}],"author":[{"embeddable":true,"href":"https:\/\/www.oparanews.com.br\/index.php\/wp-json\/wp\/v2\/users\/2"}],"replies":[{"embeddable":true,"href":"https:\/\/www.oparanews.com.br\/index.php\/wp-json\/wp\/v2\/comments?post=23273"}],"version-history":[{"count":1,"href":"https:\/\/www.oparanews.com.br\/index.php\/wp-json\/wp\/v2\/posts\/23273\/revisions"}],"predecessor-version":[{"id":23275,"href":"https:\/\/www.oparanews.com.br\/index.php\/wp-json\/wp\/v2\/posts\/23273\/revisions\/23275"}],"wp:featuredmedia":[{"embeddable":true,"href":"https:\/\/www.oparanews.com.br\/index.php\/wp-json\/wp\/v2\/media\/23274"}],"wp:attachment":[{"href":"https:\/\/www.oparanews.com.br\/index.php\/wp-json\/wp\/v2\/media?parent=23273"}],"wp:term":[{"taxonomy":"category","embeddable":true,"href":"https:\/\/www.oparanews.com.br\/index.php\/wp-json\/wp\/v2\/categories?post=23273"},{"taxonomy":"post_tag","embeddable":true,"href":"https:\/\/www.oparanews.com.br\/index.php\/wp-json\/wp\/v2\/tags?post=23273"}],"curies":[{"name":"wp","href":"https:\/\/api.w.org\/{rel}","templated":true}]}}