{"id":23282,"date":"2022-05-03T21:00:09","date_gmt":"2022-05-04T00:00:09","guid":{"rendered":"https:\/\/www.oparanews.com.br\/?p=23282"},"modified":"2022-05-03T21:00:09","modified_gmt":"2022-05-04T00:00:09","slug":"vereador-rodrigo-regueira-requer-servicos-de-manutencao-na-estrada-riacho-do-pedro","status":"publish","type":"post","link":"https:\/\/www.oparanews.com.br\/index.php\/2022\/05\/03\/vereador-rodrigo-regueira-requer-servicos-de-manutencao-na-estrada-riacho-do-pedro\/","title":{"rendered":"Vereador Rodrigo Regueira requer servi\u00e7os de manuten\u00e7\u00e3o na estrada Riacho do Pedro"},"content":{"rendered":"<p>O Vereador Rodrigo Regueira esteve na comunidade Riacho do Pedro e os moradores pediram aten\u00e7\u00e3o seu apoio para que a Prefeitura de Penedo providencie a regulariza\u00e7\u00e3o da estrada de acesso ao povoado.<\/p>\n<p>&nbsp;<\/p>\n<p>O parlamentar informa que \u00e9 preciso realizar servi\u00e7o de capina\u00e7\u00e3o nos dois acostamentos da via e tamb\u00e9m a poda das \u00e1rvores pr\u00f3ximas da estrada.<\/p>\n<p>&nbsp;<\/p>\n<p>&nbsp;<\/p>\n<p>&nbsp;<\/p>\n<p><strong>por Reda\u00e7\u00e3o com Ascom CMP<\/strong><\/p>\n<p>&nbsp;<\/p>\n","protected":false},"excerpt":{"rendered":"<p>O Vereador Rodrigo Regueira esteve na comunidade Riacho do Pedro e os moradores pediram aten\u00e7\u00e3o seu apoio para que a Prefeitura de Penedo providencie a regulariza\u00e7\u00e3o da estrada de acesso ao povoado. &nbsp; O parlamentar informa que \u00e9 preciso realizar servi\u00e7o de capina\u00e7\u00e3o nos dois acostamentos da via e tamb\u00e9m a poda das \u00e1rvores pr\u00f3ximas &hellip;<\/p>\n","protected":false},"author":2,"featured_media":23283,"comment_status":"open","ping_status":"open","sticky":false,"template":"","format":"standard","meta":{"_jetpack_memberships_contains_paid_content":false,"footnotes":""},"categories":[1,3],"tags":[],"class_list":["post-23282","post","type-post","status-publish","format-standard","has-post-thumbnail","hentry","category-destaque","category-penedo"],"jetpack_featured_media_url":"https:\/\/www.oparanews.com.br\/wp-content\/uploads\/2022\/05\/vereador-rodrigo-regueira.png","jetpack_sharing_enabled":true,"_links":{"self":[{"href":"https:\/\/www.oparanews.com.br\/index.php\/wp-json\/wp\/v2\/posts\/23282","targetHints":{"allow":["GET"]}}],"collection":[{"href":"https:\/\/www.oparanews.com.br\/index.php\/wp-json\/wp\/v2\/posts"}],"about":[{"href":"https:\/\/www.oparanews.com.br\/index.php\/wp-json\/wp\/v2\/types\/post"}],"author":[{"embeddable":true,"href":"https:\/\/www.oparanews.com.br\/index.php\/wp-json\/wp\/v2\/users\/2"}],"replies":[{"embeddable":true,"href":"https:\/\/www.oparanews.com.br\/index.php\/wp-json\/wp\/v2\/comments?post=23282"}],"version-history":[{"count":1,"href":"https:\/\/www.oparanews.com.br\/index.php\/wp-json\/wp\/v2\/posts\/23282\/revisions"}],"predecessor-version":[{"id":23284,"href":"https:\/\/www.oparanews.com.br\/index.php\/wp-json\/wp\/v2\/posts\/23282\/revisions\/23284"}],"wp:featuredmedia":[{"embeddable":true,"href":"https:\/\/www.oparanews.com.br\/index.php\/wp-json\/wp\/v2\/media\/23283"}],"wp:attachment":[{"href":"https:\/\/www.oparanews.com.br\/index.php\/wp-json\/wp\/v2\/media?parent=23282"}],"wp:term":[{"taxonomy":"category","embeddable":true,"href":"https:\/\/www.oparanews.com.br\/index.php\/wp-json\/wp\/v2\/categories?post=23282"},{"taxonomy":"post_tag","embeddable":true,"href":"https:\/\/www.oparanews.com.br\/index.php\/wp-json\/wp\/v2\/tags?post=23282"}],"curies":[{"name":"wp","href":"https:\/\/api.w.org\/{rel}","templated":true}]}}