{"id":23291,"date":"2022-05-04T21:21:36","date_gmt":"2022-05-05T00:21:36","guid":{"rendered":"https:\/\/www.oparanews.com.br\/?p=23291"},"modified":"2022-05-04T21:21:36","modified_gmt":"2022-05-05T00:21:36","slug":"farmacia-central-da-sems-penedo-recebe-medicamento-para-hipertensao-arterial","status":"publish","type":"post","link":"https:\/\/www.oparanews.com.br\/index.php\/2022\/05\/04\/farmacia-central-da-sems-penedo-recebe-medicamento-para-hipertensao-arterial\/","title":{"rendered":"Farm\u00e1cia Central da SEMS Penedo recebe medicamento para hipertens\u00e3o arterial"},"content":{"rendered":"<p>A Farm\u00e1cia Central da Secretaria de Sa\u00fade de Penedo recebeu os medicamentos Atenolol de 50 mg e 20 mg na manh\u00e3 desta quarta-feira (04).<\/p>\n<p>&nbsp;<\/p>\n<p>O medicamento \u00e9 indicado para pacientes que sofrem de hipertens\u00e3o arterial e estar\u00e1 dispon\u00edvel para a popula\u00e7\u00e3o a partir desta quinta-feira (05).<\/p>\n<p>&nbsp;<\/p>\n<p>O Coordenador da Assist\u00eancia Farmac\u00eautica da Secretaria Municipal de Sa\u00fade, \u00c2ngelo Mendes, informa que a remessa de 160 mil comprimidos de Atenolol de 50 mg e 60 mil comprimidos de Atenolol de 20 mg deve abastecer a Farm\u00e1cia Central da SEMS por seis meses, dependendo da demanda.<\/p>\n<p>&nbsp;<\/p>\n<p>Ele explica que o medicamento estava em falta por causa de log\u00edstica do fornecedor.<\/p>\n<p>&nbsp;<\/p>\n<p>\u201cO fornecedor n\u00e3o conseguiu entregar no ano passado os medicamentos, mas conseguimos suprir a necessidade da popula\u00e7\u00e3o e j\u00e1 estamos reabastecendo as unidades da rede prim\u00e1ria \u00e0 medida da libera\u00e7\u00e3o dos pedidos do medicamento\u201d, explica \u00c2ngelo Mendes sobre o rem\u00e9dio que a Farm\u00e1cia Central j\u00e1 disponibiliza em seu estoque.<\/p>\n<p>&nbsp;<\/p>\n<p>&nbsp;<\/p>\n<p>&nbsp;<\/p>\n<p><strong>Fonte: Decom PMP com Assessoria SEMS<\/strong><\/p>\n<p>&nbsp;<\/p>\n","protected":false},"excerpt":{"rendered":"<p>A Farm\u00e1cia Central da Secretaria de Sa\u00fade de Penedo recebeu os medicamentos Atenolol de 50 mg e 20 mg na manh\u00e3 desta quarta-feira (04). &nbsp; O medicamento \u00e9 indicado para pacientes que sofrem de hipertens\u00e3o arterial e estar\u00e1 dispon\u00edvel para a popula\u00e7\u00e3o a partir desta quinta-feira (05). &nbsp; O Coordenador da Assist\u00eancia Farmac\u00eautica da Secretaria &hellip;<\/p>\n","protected":false},"author":2,"featured_media":23292,"comment_status":"open","ping_status":"open","sticky":false,"template":"","format":"standard","meta":{"_jetpack_memberships_contains_paid_content":false,"footnotes":""},"categories":[1,3],"tags":[],"class_list":["post-23291","post","type-post","status-publish","format-standard","has-post-thumbnail","hentry","category-destaque","category-penedo"],"jetpack_featured_media_url":"https:\/\/www.oparanews.com.br\/wp-content\/uploads\/2022\/05\/remedio-atenolol-sems-penedo-1.jpeg","jetpack_sharing_enabled":true,"_links":{"self":[{"href":"https:\/\/www.oparanews.com.br\/index.php\/wp-json\/wp\/v2\/posts\/23291","targetHints":{"allow":["GET"]}}],"collection":[{"href":"https:\/\/www.oparanews.com.br\/index.php\/wp-json\/wp\/v2\/posts"}],"about":[{"href":"https:\/\/www.oparanews.com.br\/index.php\/wp-json\/wp\/v2\/types\/post"}],"author":[{"embeddable":true,"href":"https:\/\/www.oparanews.com.br\/index.php\/wp-json\/wp\/v2\/users\/2"}],"replies":[{"embeddable":true,"href":"https:\/\/www.oparanews.com.br\/index.php\/wp-json\/wp\/v2\/comments?post=23291"}],"version-history":[{"count":1,"href":"https:\/\/www.oparanews.com.br\/index.php\/wp-json\/wp\/v2\/posts\/23291\/revisions"}],"predecessor-version":[{"id":23293,"href":"https:\/\/www.oparanews.com.br\/index.php\/wp-json\/wp\/v2\/posts\/23291\/revisions\/23293"}],"wp:featuredmedia":[{"embeddable":true,"href":"https:\/\/www.oparanews.com.br\/index.php\/wp-json\/wp\/v2\/media\/23292"}],"wp:attachment":[{"href":"https:\/\/www.oparanews.com.br\/index.php\/wp-json\/wp\/v2\/media?parent=23291"}],"wp:term":[{"taxonomy":"category","embeddable":true,"href":"https:\/\/www.oparanews.com.br\/index.php\/wp-json\/wp\/v2\/categories?post=23291"},{"taxonomy":"post_tag","embeddable":true,"href":"https:\/\/www.oparanews.com.br\/index.php\/wp-json\/wp\/v2\/tags?post=23291"}],"curies":[{"name":"wp","href":"https:\/\/api.w.org\/{rel}","templated":true}]}}