{"id":23321,"date":"2022-05-06T15:45:22","date_gmt":"2022-05-06T18:45:22","guid":{"rendered":"https:\/\/www.oparanews.com.br\/?p=23321"},"modified":"2022-05-06T15:45:22","modified_gmt":"2022-05-06T18:45:22","slug":"secretaria-de-saude-de-penedo-participara-do-projeto-sb-brasil","status":"publish","type":"post","link":"https:\/\/www.oparanews.com.br\/index.php\/2022\/05\/06\/secretaria-de-saude-de-penedo-participara-do-projeto-sb-brasil\/","title":{"rendered":"Secretaria de Sa\u00fade de Penedo participar\u00e1 do projeto SB Brasil"},"content":{"rendered":"<p>Penedo \u00e9 um dos 12 munic\u00edpios selecionados para o projeto SB Brasil, estudo sobre as condi\u00e7\u00f5es de sa\u00fade bucal da popula\u00e7\u00e3o brasileira que visa fortalecer a pol\u00edtica Nacional de Sa\u00fade Bucal (PNSB) pelo Minist\u00e9rio da Sa\u00fade.<\/p>\n<p>&nbsp;<\/p>\n<p>O projeto conta com a parceria da Universidade Federal de Minas Gerais (UFMG), sendo executado em articula\u00e7\u00e3o com gestores estaduais e municipais, juntamente com coordena\u00e7\u00e3o geral de sa\u00fade bucal das esferas federal, estadual e municipal.<\/p>\n<p>&nbsp;<\/p>\n<p>Em Penedo, a Coordenadora de Sa\u00fade Bucal, Dr\u00aa Edilaine Soares, da Secretaria Municipal de Sa\u00fade (SEMS) estar\u00e1 \u00e0 frente do projeto, juntamente com o cirurgi\u00e3o-dentista da Estrat\u00e9gia em Sa\u00fade, Fabio Miguel Costa (pesquisador do projeto), Maria Bet\u00e2nia Santos de Deus (anotadora do projeto) e Iranilda de Oliveira Santos (agente comunit\u00e1ria de sa\u00fade).<\/p>\n<p>&nbsp;<\/p>\n<p>A pesquisa visa identificar as doen\u00e7as mais prevalecentes como c\u00e1rie dent\u00e1ria, doen\u00e7as periodontais, necessidade de pr\u00f3tese dent\u00e1ria, condi\u00e7\u00f5es de oclus\u00e3o, traumatismo dent\u00e1rio e o impacto dessas doen\u00e7as na qualidade de vida dos pacientes.<\/p>\n<p>&nbsp;<\/p>\n<p>Com a inclus\u00e3o entre todos os munic\u00edpios do Brasil, a gest\u00e3o Crescendo Com Seu Povo se mostra presente em trabalhos voltados ao fortalecimento da pol\u00edtica nacional de sa\u00fade bucal e princ\u00edpios e diretrizes do Sistema \u00danico de Sa\u00fade (SUS), mais uma prova do compromisso do Prefeito Ronaldo Lopes com os que mais precisam de a\u00e7\u00f5es do poder p\u00fablico.<\/p>\n<p>&nbsp;<\/p>\n<p>&nbsp;<\/p>\n<p>&nbsp;<\/p>\n<p><strong>Fonte: Decom PMP<\/strong><\/p>\n<p>&nbsp;<\/p>\n","protected":false},"excerpt":{"rendered":"<p>Penedo \u00e9 um dos 12 munic\u00edpios selecionados para o projeto SB Brasil, estudo sobre as condi\u00e7\u00f5es de sa\u00fade bucal da popula\u00e7\u00e3o brasileira que visa fortalecer a pol\u00edtica Nacional de Sa\u00fade Bucal (PNSB) pelo Minist\u00e9rio da Sa\u00fade. &nbsp; O projeto conta com a parceria da Universidade Federal de Minas Gerais (UFMG), sendo executado em articula\u00e7\u00e3o com &hellip;<\/p>\n","protected":false},"author":2,"featured_media":23322,"comment_status":"open","ping_status":"open","sticky":false,"template":"","format":"standard","meta":{"_jetpack_memberships_contains_paid_content":false,"footnotes":""},"categories":[1,3],"tags":[],"class_list":["post-23321","post","type-post","status-publish","format-standard","has-post-thumbnail","hentry","category-destaque","category-penedo"],"jetpack_featured_media_url":"https:\/\/www.oparanews.com.br\/wp-content\/uploads\/2022\/05\/saude-por-todo-canto-Murici-4-1068x712-1.jpg","jetpack_sharing_enabled":true,"_links":{"self":[{"href":"https:\/\/www.oparanews.com.br\/index.php\/wp-json\/wp\/v2\/posts\/23321","targetHints":{"allow":["GET"]}}],"collection":[{"href":"https:\/\/www.oparanews.com.br\/index.php\/wp-json\/wp\/v2\/posts"}],"about":[{"href":"https:\/\/www.oparanews.com.br\/index.php\/wp-json\/wp\/v2\/types\/post"}],"author":[{"embeddable":true,"href":"https:\/\/www.oparanews.com.br\/index.php\/wp-json\/wp\/v2\/users\/2"}],"replies":[{"embeddable":true,"href":"https:\/\/www.oparanews.com.br\/index.php\/wp-json\/wp\/v2\/comments?post=23321"}],"version-history":[{"count":1,"href":"https:\/\/www.oparanews.com.br\/index.php\/wp-json\/wp\/v2\/posts\/23321\/revisions"}],"predecessor-version":[{"id":23323,"href":"https:\/\/www.oparanews.com.br\/index.php\/wp-json\/wp\/v2\/posts\/23321\/revisions\/23323"}],"wp:featuredmedia":[{"embeddable":true,"href":"https:\/\/www.oparanews.com.br\/index.php\/wp-json\/wp\/v2\/media\/23322"}],"wp:attachment":[{"href":"https:\/\/www.oparanews.com.br\/index.php\/wp-json\/wp\/v2\/media?parent=23321"}],"wp:term":[{"taxonomy":"category","embeddable":true,"href":"https:\/\/www.oparanews.com.br\/index.php\/wp-json\/wp\/v2\/categories?post=23321"},{"taxonomy":"post_tag","embeddable":true,"href":"https:\/\/www.oparanews.com.br\/index.php\/wp-json\/wp\/v2\/tags?post=23321"}],"curies":[{"name":"wp","href":"https:\/\/api.w.org\/{rel}","templated":true}]}}