{"id":23332,"date":"2022-05-07T10:52:18","date_gmt":"2022-05-07T13:52:18","guid":{"rendered":"https:\/\/www.oparanews.com.br\/?p=23332"},"modified":"2022-05-07T10:52:18","modified_gmt":"2022-05-07T13:52:18","slug":"homem-e-assassinado-em-praca-publica-em-palmeida-dos-indios","status":"publish","type":"post","link":"https:\/\/www.oparanews.com.br\/index.php\/2022\/05\/07\/homem-e-assassinado-em-praca-publica-em-palmeida-dos-indios\/","title":{"rendered":"Homem \u00e9 assassinado em pra\u00e7a p\u00fablica em Palmeida dos \u00cdndios"},"content":{"rendered":"<p>Foi registrado neste s\u00e1bado, 07, um assassinato no munic\u00edpio de Palmeira dos \u00cdndios, agreste alagoano.<\/p>\n<p>&nbsp;<\/p>\n<p>Segundo informa\u00e7\u00f5es, um homem identificado at\u00e9 o momento como &#8220;Tiaguinho&#8221; levou v\u00e1rios golpes de arma branca. A v\u00edtima n\u00e3o registou aos ferimentos veio a falecer no local.<\/p>\n<p>&nbsp;<\/p>\n<p>O IML foi acionado para fazer o translado do corpo e em seguida proceder na libera\u00e7\u00e3o para o sepultamento.<\/p>\n<p>&nbsp;<\/p>\n<p>A Pol\u00edcia Civil ir\u00e1 investigar o caso.<\/p>\n<p>&nbsp;<\/p>\n<p>&nbsp;<\/p>\n<p>&nbsp;<\/p>\n<p><strong>por Walberth Lima com PM<\/strong><\/p>\n<p>&nbsp;<\/p>\n","protected":false},"excerpt":{"rendered":"<p>Foi registrado neste s\u00e1bado, 07, um assassinato no munic\u00edpio de Palmeira dos \u00cdndios, agreste alagoano. &nbsp; Segundo informa\u00e7\u00f5es, um homem identificado at\u00e9 o momento como &#8220;Tiaguinho&#8221; levou v\u00e1rios golpes de arma branca. A v\u00edtima n\u00e3o registou aos ferimentos veio a falecer no local. &nbsp; O IML foi acionado para fazer o translado do corpo e &hellip;<\/p>\n","protected":false},"author":2,"featured_media":23333,"comment_status":"open","ping_status":"open","sticky":false,"template":"","format":"standard","meta":{"_jetpack_memberships_contains_paid_content":false,"footnotes":""},"categories":[4],"tags":[],"class_list":["post-23332","post","type-post","status-publish","format-standard","has-post-thumbnail","hentry","category-alagoas"],"jetpack_featured_media_url":"https:\/\/www.oparanews.com.br\/wp-content\/uploads\/2022\/05\/DJI_0076.jpg","jetpack_sharing_enabled":true,"_links":{"self":[{"href":"https:\/\/www.oparanews.com.br\/index.php\/wp-json\/wp\/v2\/posts\/23332","targetHints":{"allow":["GET"]}}],"collection":[{"href":"https:\/\/www.oparanews.com.br\/index.php\/wp-json\/wp\/v2\/posts"}],"about":[{"href":"https:\/\/www.oparanews.com.br\/index.php\/wp-json\/wp\/v2\/types\/post"}],"author":[{"embeddable":true,"href":"https:\/\/www.oparanews.com.br\/index.php\/wp-json\/wp\/v2\/users\/2"}],"replies":[{"embeddable":true,"href":"https:\/\/www.oparanews.com.br\/index.php\/wp-json\/wp\/v2\/comments?post=23332"}],"version-history":[{"count":1,"href":"https:\/\/www.oparanews.com.br\/index.php\/wp-json\/wp\/v2\/posts\/23332\/revisions"}],"predecessor-version":[{"id":23334,"href":"https:\/\/www.oparanews.com.br\/index.php\/wp-json\/wp\/v2\/posts\/23332\/revisions\/23334"}],"wp:featuredmedia":[{"embeddable":true,"href":"https:\/\/www.oparanews.com.br\/index.php\/wp-json\/wp\/v2\/media\/23333"}],"wp:attachment":[{"href":"https:\/\/www.oparanews.com.br\/index.php\/wp-json\/wp\/v2\/media?parent=23332"}],"wp:term":[{"taxonomy":"category","embeddable":true,"href":"https:\/\/www.oparanews.com.br\/index.php\/wp-json\/wp\/v2\/categories?post=23332"},{"taxonomy":"post_tag","embeddable":true,"href":"https:\/\/www.oparanews.com.br\/index.php\/wp-json\/wp\/v2\/tags?post=23332"}],"curies":[{"name":"wp","href":"https:\/\/api.w.org\/{rel}","templated":true}]}}