{"id":23349,"date":"2022-05-09T14:51:23","date_gmt":"2022-05-09T17:51:23","guid":{"rendered":"https:\/\/www.oparanews.com.br\/?p=23349"},"modified":"2022-05-09T14:51:23","modified_gmt":"2022-05-09T17:51:23","slug":"estudantes-de-escolas-da-semed-penedo-recebem-orientacoes-por-meio-de-palestras","status":"publish","type":"post","link":"https:\/\/www.oparanews.com.br\/index.php\/2022\/05\/09\/estudantes-de-escolas-da-semed-penedo-recebem-orientacoes-por-meio-de-palestras\/","title":{"rendered":"Estudantes de escolas da Semed Penedo recebem orienta\u00e7\u00f5es por meio de palestras"},"content":{"rendered":"<p>Estudantes de escolas da Secretaria Municipal de Educa\u00e7\u00e3o de Penedo est\u00e3o sendo orientados sobre temas relacionados com cidadania, iniciativa da equipe multidisciplinar da Semed que tem parceria da Pol\u00edcia Militar e de outras institui\u00e7\u00f5es.<\/p>\n<p>&nbsp;<\/p>\n<p>Neste in\u00edcio de semana, o trabalho realizado conforme demanda das unidades de ensino aconteceu na Escola Municipal de Educa\u00e7\u00e3o B\u00e1sica (EMEB) Bar\u00e3o de Penedo, localizada no bairro Santa Isabel.<\/p>\n<p>&nbsp;<\/p>\n<p>Alunos e alunas do 8\u00ba e do 9\u00ba anos acompanharam atentamente a palestra do Tenente Melo J\u00fanior (11\u00ba BPM), que abordou o tema \u2018Direitos e Deveres do Cidad\u00e3o\u2019.<\/p>\n<p>&nbsp;<\/p>\n<p>J\u00e1 o mestrando em Direito Willian Nelson, representando a Uni\u00e3o Brasileira dos Escritores destacou a inclus\u00e3o de estudantes da rede p\u00fablica nas universidades no bate-papo sobre Educa\u00e7\u00e3o Como Ferramenta de Transforma\u00e7\u00e3o Social.<\/p>\n<p>&nbsp;<\/p>\n<p>\u201cTemos uma equipe multidisciplinar muito competente e capaz de dar o suporte necess\u00e1rio aos gestores das nossas unidades de ensino. As demandas s\u00e3o repassadas por eles e, de imediato, a equipe elabora um programa de interven\u00e7\u00e3o na escola\u201d, explica a Secret\u00e1ria C\u00edntya Alves, ressaltando e agradecendo a parceria com o Conselho Tutelar, IFAL, Uni\u00e3o Brasileira de Escritores e o 11\u00b0 Batalh\u00e3o de Pol\u00edcia Militar.<\/p>\n<p>&nbsp;<\/p>\n<p>&nbsp;<\/p>\n<p>&nbsp;<\/p>\n<p><strong>Fonte: Decom PMP<\/strong><\/p>\n<p>&nbsp;<\/p>\n","protected":false},"excerpt":{"rendered":"<p>Estudantes de escolas da Secretaria Municipal de Educa\u00e7\u00e3o de Penedo est\u00e3o sendo orientados sobre temas relacionados com cidadania, iniciativa da equipe multidisciplinar da Semed que tem parceria da Pol\u00edcia Militar e de outras institui\u00e7\u00f5es. &nbsp; Neste in\u00edcio de semana, o trabalho realizado conforme demanda das unidades de ensino aconteceu na Escola Municipal de Educa\u00e7\u00e3o B\u00e1sica &hellip;<\/p>\n","protected":false},"author":2,"featured_media":23350,"comment_status":"open","ping_status":"open","sticky":false,"template":"","format":"standard","meta":{"_jetpack_memberships_contains_paid_content":false,"footnotes":""},"categories":[1,3],"tags":[],"class_list":["post-23349","post","type-post","status-publish","format-standard","has-post-thumbnail","hentry","category-destaque","category-penedo"],"jetpack_featured_media_url":"https:\/\/www.oparanews.com.br\/wp-content\/uploads\/2022\/05\/palestra-semed.jpg","jetpack_sharing_enabled":true,"_links":{"self":[{"href":"https:\/\/www.oparanews.com.br\/index.php\/wp-json\/wp\/v2\/posts\/23349","targetHints":{"allow":["GET"]}}],"collection":[{"href":"https:\/\/www.oparanews.com.br\/index.php\/wp-json\/wp\/v2\/posts"}],"about":[{"href":"https:\/\/www.oparanews.com.br\/index.php\/wp-json\/wp\/v2\/types\/post"}],"author":[{"embeddable":true,"href":"https:\/\/www.oparanews.com.br\/index.php\/wp-json\/wp\/v2\/users\/2"}],"replies":[{"embeddable":true,"href":"https:\/\/www.oparanews.com.br\/index.php\/wp-json\/wp\/v2\/comments?post=23349"}],"version-history":[{"count":2,"href":"https:\/\/www.oparanews.com.br\/index.php\/wp-json\/wp\/v2\/posts\/23349\/revisions"}],"predecessor-version":[{"id":23352,"href":"https:\/\/www.oparanews.com.br\/index.php\/wp-json\/wp\/v2\/posts\/23349\/revisions\/23352"}],"wp:featuredmedia":[{"embeddable":true,"href":"https:\/\/www.oparanews.com.br\/index.php\/wp-json\/wp\/v2\/media\/23350"}],"wp:attachment":[{"href":"https:\/\/www.oparanews.com.br\/index.php\/wp-json\/wp\/v2\/media?parent=23349"}],"wp:term":[{"taxonomy":"category","embeddable":true,"href":"https:\/\/www.oparanews.com.br\/index.php\/wp-json\/wp\/v2\/categories?post=23349"},{"taxonomy":"post_tag","embeddable":true,"href":"https:\/\/www.oparanews.com.br\/index.php\/wp-json\/wp\/v2\/tags?post=23349"}],"curies":[{"name":"wp","href":"https:\/\/api.w.org\/{rel}","templated":true}]}}