{"id":23353,"date":"2022-05-09T14:52:44","date_gmt":"2022-05-09T17:52:44","guid":{"rendered":"https:\/\/www.oparanews.com.br\/?p=23353"},"modified":"2022-05-09T14:52:44","modified_gmt":"2022-05-09T17:52:44","slug":"prefeitura-de-penedo-e-governo-de-alagoas-investem-na-agricultura-familiar","status":"publish","type":"post","link":"https:\/\/www.oparanews.com.br\/index.php\/2022\/05\/09\/prefeitura-de-penedo-e-governo-de-alagoas-investem-na-agricultura-familiar\/","title":{"rendered":"Prefeitura de Penedo e Governo de Alagoas investem na agricultura familiar"},"content":{"rendered":"<p>Quem trabalha com a produ\u00e7\u00e3o de alimentos em Penedo no sistema de agricultura familiar est\u00e1 sendo atendido em sua necessidade de sementes de qualidade.<\/p>\n<p>&nbsp;<\/p>\n<p>Por meio da parceria entre os governos estadual e municipal, com apoio da Emater, l\u00edderes de associa\u00e7\u00f5es de agricultores receberam nesta sexta-feira, 06, as respectivas solicita\u00e7\u00f5es.<\/p>\n<p>&nbsp;<\/p>\n<p>S\u00e3o mais de seis mil quilos de sementes de milho, feij\u00e3o de arranca, feij\u00e3o de corda e arroz viabilizadas por meio do programa Planta Alagoas.<\/p>\n<p>&nbsp;<\/p>\n<p>O trabalho do homem e da mulher do campo em Penedo foi destacado pelo gestor da Secretaria Municipal de Abastecimento e Desenvolvimento Agr\u00e1rio (Semada), Manoel Messias Lima, popularmente conhecido como Messias da Fil\u00f3.<\/p>\n<p>&nbsp;<\/p>\n<p>Ele reafirmou o comprometimento do Prefeito Ronaldo Lopes com o povo da zona rural, informando a disponibilidade de mais equipamentos para o preparo de solo de \u00e1reas da agricultura familiar.<\/p>\n<p>&nbsp;<\/p>\n<p>O apoio para a gera\u00e7\u00e3o de emprego e renda no campo \u00e9 inquestion\u00e1vel. Cerca de 70% dos itens da merenda escolar da rede p\u00fablica municipal s\u00e3o produzidos nas ro\u00e7as de trabalhadores rurais penedenses que t\u00eam a compra garantida.<\/p>\n<p>&nbsp;<\/p>\n<p>Al\u00e9m disso, eles tamb\u00e9m comercializam diretamente com o consumidor na Feira da Agricultura Familiar. O sucesso da iniciativa gera demanda pela realiza\u00e7\u00e3o da feira em outros bairros de Penedo, solicita\u00e7\u00f5es em estudo para n\u00e3o prejudicar o trabalho dos feirantes do centro da cidade e da feirinha do Barro Duro.<\/p>\n<p>&nbsp;<\/p>\n<p>\u201cS\u00f3 n\u00e3o enxerga quem n\u00e3o quer\u201d, afirmou o gestor da Semada durante a entrega das sementes na sede da pasta, trabalho acompanhado por Pedro Felipe Queiroz (representando a Seagri Alagoas), Cleice Alves (representando a Emater em Penedo), equipe t\u00e9cnica da Semada e beneficiados pela parceria institucional.<\/p>\n<p>&nbsp;<\/p>\n<p>A pr\u00f3xima etapa do Planta Alagoas em Penedo ser\u00e1 a entregue das sementes de arroz, prevista para o final do m\u00eas devido ao plantio do gr\u00e3o come\u00e7ar no m\u00eas de junho.<\/p>\n<p>&nbsp;<\/p>\n<p>&nbsp;<\/p>\n<p>&nbsp;<\/p>\n<p><strong>Fonte: Decom PMP<\/strong><\/p>\n<p>&nbsp;<\/p>\n","protected":false},"excerpt":{"rendered":"<p>Quem trabalha com a produ\u00e7\u00e3o de alimentos em Penedo no sistema de agricultura familiar est\u00e1 sendo atendido em sua necessidade de sementes de qualidade. &nbsp; Por meio da parceria entre os governos estadual e municipal, com apoio da Emater, l\u00edderes de associa\u00e7\u00f5es de agricultores receberam nesta sexta-feira, 06, as respectivas solicita\u00e7\u00f5es. &nbsp; S\u00e3o mais de &hellip;<\/p>\n","protected":false},"author":2,"featured_media":23354,"comment_status":"open","ping_status":"open","sticky":false,"template":"","format":"standard","meta":{"_jetpack_memberships_contains_paid_content":false,"footnotes":""},"categories":[1,3],"tags":[],"class_list":["post-23353","post","type-post","status-publish","format-standard","has-post-thumbnail","hentry","category-destaque","category-penedo"],"jetpack_featured_media_url":"https:\/\/www.oparanews.com.br\/wp-content\/uploads\/2022\/05\/penedo-semada-planta-alagoas-10.jpeg","jetpack_sharing_enabled":true,"_links":{"self":[{"href":"https:\/\/www.oparanews.com.br\/index.php\/wp-json\/wp\/v2\/posts\/23353","targetHints":{"allow":["GET"]}}],"collection":[{"href":"https:\/\/www.oparanews.com.br\/index.php\/wp-json\/wp\/v2\/posts"}],"about":[{"href":"https:\/\/www.oparanews.com.br\/index.php\/wp-json\/wp\/v2\/types\/post"}],"author":[{"embeddable":true,"href":"https:\/\/www.oparanews.com.br\/index.php\/wp-json\/wp\/v2\/users\/2"}],"replies":[{"embeddable":true,"href":"https:\/\/www.oparanews.com.br\/index.php\/wp-json\/wp\/v2\/comments?post=23353"}],"version-history":[{"count":1,"href":"https:\/\/www.oparanews.com.br\/index.php\/wp-json\/wp\/v2\/posts\/23353\/revisions"}],"predecessor-version":[{"id":23355,"href":"https:\/\/www.oparanews.com.br\/index.php\/wp-json\/wp\/v2\/posts\/23353\/revisions\/23355"}],"wp:featuredmedia":[{"embeddable":true,"href":"https:\/\/www.oparanews.com.br\/index.php\/wp-json\/wp\/v2\/media\/23354"}],"wp:attachment":[{"href":"https:\/\/www.oparanews.com.br\/index.php\/wp-json\/wp\/v2\/media?parent=23353"}],"wp:term":[{"taxonomy":"category","embeddable":true,"href":"https:\/\/www.oparanews.com.br\/index.php\/wp-json\/wp\/v2\/categories?post=23353"},{"taxonomy":"post_tag","embeddable":true,"href":"https:\/\/www.oparanews.com.br\/index.php\/wp-json\/wp\/v2\/tags?post=23353"}],"curies":[{"name":"wp","href":"https:\/\/api.w.org\/{rel}","templated":true}]}}