{"id":23376,"date":"2022-05-10T16:13:01","date_gmt":"2022-05-10T19:13:01","guid":{"rendered":"https:\/\/www.oparanews.com.br\/?p=23376"},"modified":"2022-05-10T16:13:01","modified_gmt":"2022-05-10T19:13:01","slug":"assembleia-publica-novo-edital-das-eleicoes-indiretas-para-governador-e-vice-governador","status":"publish","type":"post","link":"https:\/\/www.oparanews.com.br\/index.php\/2022\/05\/10\/assembleia-publica-novo-edital-das-eleicoes-indiretas-para-governador-e-vice-governador\/","title":{"rendered":"Assembleia publica novo edital das elei\u00e7\u00f5es indiretas para governador e vice-governador"},"content":{"rendered":"<p>O presidente da Assembleia Legislativa, deputado Marcelo Victor (MDB), publicou nesta segunda-feira (9\/5), novo edital convocando para o domingo, dia 15 de maio, \u00e0s 13 horas, a elei\u00e7\u00e3o indireta para o preenchimento dos cargos de governador e vice-governador do Estado. A publica\u00e7\u00e3o do edital cumpre decis\u00e3o do ministro Gilmar Mendes, do Supremo Tribunal Federal, que determinou a imediata reabertura do prazo de inscri\u00e7\u00e3o no certame eleitoral.<\/p>\n<p>&nbsp;<\/p>\n<p>De acordo com a decis\u00e3o do ministro, os interessados dever\u00e3o apresentar conjuntamente o registro de candidatura de chapa para governador e vice-governador, em at\u00e9 72 horas antes da realiza\u00e7\u00e3o da elei\u00e7\u00e3o. Qualquer cidad\u00e3o ou cidad\u00e3 poder\u00e1 se inscrever aos cargos, desde que brasileiro, estar no pleno exerc\u00edcio dos direitos pol\u00edticos, possuir alistamento eleitoral, ter domic\u00edlio eleitoral no estado de Alagoas, estar filiado a partido pol\u00edtico, ter idade m\u00ednima de 30 anos, n\u00e3o apresentar nenhuma das hip\u00f3teses de inelegibilidade previstas no artigo 14 da Constitui\u00e7\u00e3o Federal e na Lei Complementar 64\/1990.<\/p>\n<p>&nbsp;<\/p>\n<p>A inscri\u00e7\u00e3o deve ser apresentada ao servi\u00e7o de Protocolo Geral da Assembleia Legislativa at\u00e9 as 13 horas do dia 12 de maio. Anexo ao edital consta formul\u00e1rio padronizado e a rela\u00e7\u00e3o da documenta\u00e7\u00e3o exigida e demais procedimentos a serem adotados pelo candidato.<\/p>\n<p>&nbsp;<\/p>\n<p>As inscri\u00e7\u00f5es ser\u00e3o publicadas no Di\u00e1rio Oficial Eletr\u00f4nico do Poder, correndo a partir dessa data o prazo improrrog\u00e1vel de 48 horas para apresenta\u00e7\u00e3o de eventual pedido de impugna\u00e7\u00e3o, que ser\u00e1 submetido \u00e0 Mesa Diretora para decis\u00e3o imediata. Foi estabelecido prazo de 24 horas para defesa pelo impugnado.<\/p>\n<p>&nbsp;<\/p>\n<p>A elei\u00e7\u00e3o ocorrer\u00e1 mediante voto nominal e aberto, nos termos da decis\u00e3o proferida pelo ministro Gilmar Mendes.<\/p>\n<p>&nbsp;<\/p>\n<p>&nbsp;<\/p>\n<p><strong>Fonte: ALE Alagoas<\/strong><\/p>\n<p>&nbsp;<\/p>\n","protected":false},"excerpt":{"rendered":"<p>O presidente da Assembleia Legislativa, deputado Marcelo Victor (MDB), publicou nesta segunda-feira (9\/5), novo edital convocando para o domingo, dia 15 de maio, \u00e0s 13 horas, a elei\u00e7\u00e3o indireta para o preenchimento dos cargos de governador e vice-governador do Estado. A publica\u00e7\u00e3o do edital cumpre decis\u00e3o do ministro Gilmar Mendes, do Supremo Tribunal Federal, que &hellip;<\/p>\n","protected":false},"author":2,"featured_media":23377,"comment_status":"open","ping_status":"open","sticky":false,"template":"","format":"standard","meta":{"_jetpack_memberships_contains_paid_content":false,"footnotes":""},"categories":[4],"tags":[],"class_list":["post-23376","post","type-post","status-publish","format-standard","has-post-thumbnail","hentry","category-alagoas"],"jetpack_featured_media_url":"https:\/\/www.oparanews.com.br\/wp-content\/uploads\/2022\/05\/image.jpg","jetpack_sharing_enabled":true,"_links":{"self":[{"href":"https:\/\/www.oparanews.com.br\/index.php\/wp-json\/wp\/v2\/posts\/23376","targetHints":{"allow":["GET"]}}],"collection":[{"href":"https:\/\/www.oparanews.com.br\/index.php\/wp-json\/wp\/v2\/posts"}],"about":[{"href":"https:\/\/www.oparanews.com.br\/index.php\/wp-json\/wp\/v2\/types\/post"}],"author":[{"embeddable":true,"href":"https:\/\/www.oparanews.com.br\/index.php\/wp-json\/wp\/v2\/users\/2"}],"replies":[{"embeddable":true,"href":"https:\/\/www.oparanews.com.br\/index.php\/wp-json\/wp\/v2\/comments?post=23376"}],"version-history":[{"count":1,"href":"https:\/\/www.oparanews.com.br\/index.php\/wp-json\/wp\/v2\/posts\/23376\/revisions"}],"predecessor-version":[{"id":23378,"href":"https:\/\/www.oparanews.com.br\/index.php\/wp-json\/wp\/v2\/posts\/23376\/revisions\/23378"}],"wp:featuredmedia":[{"embeddable":true,"href":"https:\/\/www.oparanews.com.br\/index.php\/wp-json\/wp\/v2\/media\/23377"}],"wp:attachment":[{"href":"https:\/\/www.oparanews.com.br\/index.php\/wp-json\/wp\/v2\/media?parent=23376"}],"wp:term":[{"taxonomy":"category","embeddable":true,"href":"https:\/\/www.oparanews.com.br\/index.php\/wp-json\/wp\/v2\/categories?post=23376"},{"taxonomy":"post_tag","embeddable":true,"href":"https:\/\/www.oparanews.com.br\/index.php\/wp-json\/wp\/v2\/tags?post=23376"}],"curies":[{"name":"wp","href":"https:\/\/api.w.org\/{rel}","templated":true}]}}