{"id":23388,"date":"2022-05-11T14:11:10","date_gmt":"2022-05-11T17:11:10","guid":{"rendered":"https:\/\/www.oparanews.com.br\/?p=23388"},"modified":"2022-05-11T14:11:10","modified_gmt":"2022-05-11T17:11:10","slug":"prefeitura-de-penedo-leva-servicos-para-estudantes-do-ifal","status":"publish","type":"post","link":"https:\/\/www.oparanews.com.br\/index.php\/2022\/05\/11\/prefeitura-de-penedo-leva-servicos-para-estudantes-do-ifal\/","title":{"rendered":"Prefeitura de Penedo leva servi\u00e7os para estudantes do Ifal"},"content":{"rendered":"<p>A Prefeitura de Penedo e o Instituto Federal de Alagoas (Ifal) atuam em parceria na assist\u00eancia aos estudantes da institui\u00e7\u00e3o p\u00fablica que oferta o Ensino M\u00e9dio regular com educa\u00e7\u00e3o profissional e tecnol\u00f3gica, al\u00e9m de cursos de n\u00edvel superior.<\/p>\n<p>&nbsp;<\/p>\n<p>Por meio da Secretaria Municipal de Desenvolvimento Social e Habita\u00e7\u00e3o (SEMDSH), alunos e alunas ganharam acompanhamento de assistente social e psic\u00f3logo. Agora, o governo Ronaldo Lopes analisa o pedido de outros servi\u00e7os.<\/p>\n<p>&nbsp;<\/p>\n<p>As novas demandas foram apresentadas pela dire\u00e7\u00e3o do Ifal Penedo ao Secret\u00e1rio Municipal de Sa\u00fade, Epit\u00e1cio Correia. S\u00e3o consultas oftalmol\u00f3gicas e eventual necessidade de \u00f3culos para estudantes de baixa renda, conforme informado nesta ter\u00e7a-feira, 10.<\/p>\n<p>&nbsp;<\/p>\n<p>O encontro entre o gestor da SEMS com o diretor-geral pro tempore do campus, professor Felipe Thiago, tamb\u00e9m contou com a participa\u00e7\u00e3o do Secret\u00e1rio Municipal de Desenvolvimento Social, Rafael Ferreira; coordenadores municipais e do instituto federal.<\/p>\n<p>&nbsp;<\/p>\n<p>Outro ponto apresentado durante a reuni\u00e3o \u00e9 a possibilidade de amplia\u00e7\u00e3o da assist\u00eancia psicol\u00f3gica para casos de depress\u00e3o e ansiedade gerados pela pandemia de Covid-19 na classe estudantil.<\/p>\n<p>&nbsp;<\/p>\n<p>\u201cA ideia \u00e9 estreitar la\u00e7os entre setores da Prefeitura de Penedo e o Ifal para melhorar a vida dos estudantes e a Secretaria Municipal de Sa\u00fade se compromete a dar uma assist\u00eancia mais robusta\u201d, afirma Epit\u00e1cio Correia.<\/p>\n<p>&nbsp;<\/p>\n<p>Em 2021, a chamada p\u00fablica para aquisi\u00e7\u00e3o de itens do card\u00e1pio da alimenta\u00e7\u00e3o escolar contemplou produtores da agricultura familiar habilitados ao processo por meio da Secretaria Municipal de Abastecimento e Desenvolvimento Agr\u00edcola (Semada).<\/p>\n<p>&nbsp;<\/p>\n<p>Al\u00e9m do feito in\u00e9dito para fam\u00edlias do campo penedense, o que podemos considerar rotina \u00e9 a aprova\u00e7\u00e3o de alunos e alunas das escolas da Secretaria Municipal de Educa\u00e7\u00e3o no Ifal Penedo, investimento em educa\u00e7\u00e3o p\u00fablica de qualidade e profissionalizante dispon\u00edvel para Penedo e regi\u00e3o ribeirinha desde 2010.<\/p>\n<p>&nbsp;<\/p>\n<p>&nbsp;<\/p>\n<p>&nbsp;<\/p>\n<p><strong>Fonte: Secom PMP com Assessoria SEMS<\/strong><\/p>\n<p>&nbsp;<\/p>\n","protected":false},"excerpt":{"rendered":"<p>A Prefeitura de Penedo e o Instituto Federal de Alagoas (Ifal) atuam em parceria na assist\u00eancia aos estudantes da institui\u00e7\u00e3o p\u00fablica que oferta o Ensino M\u00e9dio regular com educa\u00e7\u00e3o profissional e tecnol\u00f3gica, al\u00e9m de cursos de n\u00edvel superior. &nbsp; Por meio da Secretaria Municipal de Desenvolvimento Social e Habita\u00e7\u00e3o (SEMDSH), alunos e alunas ganharam acompanhamento &hellip;<\/p>\n","protected":false},"author":2,"featured_media":23389,"comment_status":"open","ping_status":"open","sticky":false,"template":"","format":"standard","meta":{"_jetpack_memberships_contains_paid_content":false,"footnotes":""},"categories":[1,3],"tags":[],"class_list":["post-23388","post","type-post","status-publish","format-standard","has-post-thumbnail","hentry","category-destaque","category-penedo"],"jetpack_featured_media_url":"https:\/\/www.oparanews.com.br\/wp-content\/uploads\/2022\/05\/penedo-prefeitura-ifal-parceria-2-696x520-1.jpeg","jetpack_sharing_enabled":true,"_links":{"self":[{"href":"https:\/\/www.oparanews.com.br\/index.php\/wp-json\/wp\/v2\/posts\/23388","targetHints":{"allow":["GET"]}}],"collection":[{"href":"https:\/\/www.oparanews.com.br\/index.php\/wp-json\/wp\/v2\/posts"}],"about":[{"href":"https:\/\/www.oparanews.com.br\/index.php\/wp-json\/wp\/v2\/types\/post"}],"author":[{"embeddable":true,"href":"https:\/\/www.oparanews.com.br\/index.php\/wp-json\/wp\/v2\/users\/2"}],"replies":[{"embeddable":true,"href":"https:\/\/www.oparanews.com.br\/index.php\/wp-json\/wp\/v2\/comments?post=23388"}],"version-history":[{"count":1,"href":"https:\/\/www.oparanews.com.br\/index.php\/wp-json\/wp\/v2\/posts\/23388\/revisions"}],"predecessor-version":[{"id":23390,"href":"https:\/\/www.oparanews.com.br\/index.php\/wp-json\/wp\/v2\/posts\/23388\/revisions\/23390"}],"wp:featuredmedia":[{"embeddable":true,"href":"https:\/\/www.oparanews.com.br\/index.php\/wp-json\/wp\/v2\/media\/23389"}],"wp:attachment":[{"href":"https:\/\/www.oparanews.com.br\/index.php\/wp-json\/wp\/v2\/media?parent=23388"}],"wp:term":[{"taxonomy":"category","embeddable":true,"href":"https:\/\/www.oparanews.com.br\/index.php\/wp-json\/wp\/v2\/categories?post=23388"},{"taxonomy":"post_tag","embeddable":true,"href":"https:\/\/www.oparanews.com.br\/index.php\/wp-json\/wp\/v2\/tags?post=23388"}],"curies":[{"name":"wp","href":"https:\/\/api.w.org\/{rel}","templated":true}]}}