{"id":23400,"date":"2022-05-12T06:18:23","date_gmt":"2022-05-12T09:18:23","guid":{"rendered":"https:\/\/www.oparanews.com.br\/?p=23400"},"modified":"2022-05-12T06:18:23","modified_gmt":"2022-05-12T09:18:23","slug":"prefeitura-de-penedo-realiza-mutirao-de-combate-a-dengue-no-bairro-santa-isabel","status":"publish","type":"post","link":"https:\/\/www.oparanews.com.br\/index.php\/2022\/05\/12\/prefeitura-de-penedo-realiza-mutirao-de-combate-a-dengue-no-bairro-santa-isabel\/","title":{"rendered":"Prefeitura de Penedo realiza mutir\u00e3o de combate \u00e0 dengue no bairro Santa Isabel"},"content":{"rendered":"<p>Moradores do bairro Santa Isabel, localizado na parte alta de Penedo, receberam nesta quarta-feira, 11, a visita de Agentes Comunit\u00e1rios de Sa\u00fade (ACS) e Agentes de Combate \u00e0s Endemias (ACE).<\/p>\n<p>&nbsp;<\/p>\n<p>O trabalho realizado pela Secretaria Municipal de Sa\u00fade (SEMS) visa conscientizar e combater os riscos relacionados com a prolifera\u00e7\u00e3o do Aedes aegypti, mosquito transmissor da dengue, zika e chikungunya.<\/p>\n<p>&nbsp;<\/p>\n<p>O mutir\u00e3o na localidade conhecida como Cacimbinhas detectou a presen\u00e7a de larvas do inseto em reservat\u00f3rios abandonados em quintais, focos eliminados de imediato.<\/p>\n<p>&nbsp;<\/p>\n<p>Enquanto alguns ignoram as medidas de preven\u00e7\u00e3o, outros cuidam com zelo do ambiente dom\u00e9stico, como se v\u00ea na casa de Auriane Santos Silva. Ela tem \u00e1rvores e plantas no quintal, \u00e1rea impecavelmente limpa.<\/p>\n<p>&nbsp;<\/p>\n<p>O im\u00f3vel situado na Rua Frei Elias foi vistoriado por Rafaela Martins. A agente de combate \u00e0 endemias explica que a conscientiza\u00e7\u00e3o \u00e9 feita diariamente, junto com a\u00e7\u00f5es de elimina\u00e7\u00e3o de focos e tratamento de reservat\u00f3rios de \u00e1gua.<\/p>\n<p>&nbsp;<\/p>\n<p><strong>Casos de dengue, zika e chikungunya<\/strong><\/p>\n<p>&nbsp;<\/p>\n<p>As notifica\u00e7\u00f5es da Secretaria Municipal de Sa\u00fade para as doen\u00e7as causadas pelo mosquito Aedes aegypti apontam crescimentos dos casos de dengue em Penedo.<\/p>\n<p>&nbsp;<\/p>\n<p>Os dados comparativos da SEMS mostram 12 notifica\u00e7\u00f5es no primeiro quadrimestre de 2021, com mais 33 casos de dengue em maio do ano passado. Nos quatro primeiros meses deste ano, j\u00e1 foram registrados 41 casos de dengue em Penedo.<\/p>\n<p>&nbsp;<\/p>\n<p>Em rela\u00e7\u00e3o as notifica\u00e7\u00f5es de chikungunya, os n\u00fameros s\u00e3o baixos: 3 no primeiro quadrimestre de 2021 e 5 no mesmo per\u00edodo deste ano. A mesma situa\u00e7\u00e3o acontece em rela\u00e7\u00e3o aos casos de zika notificados na SEMS, 4 no primeiro quadrimestre de 2021, mesmo n\u00famero do mesmo per\u00edodo em 2022.<\/p>\n<p>&nbsp;<\/p>\n<p>&nbsp;<\/p>\n<p><strong>Fonte: Secom PMP<\/strong><\/p>\n<p>&nbsp;<\/p>\n","protected":false},"excerpt":{"rendered":"<p>Moradores do bairro Santa Isabel, localizado na parte alta de Penedo, receberam nesta quarta-feira, 11, a visita de Agentes Comunit\u00e1rios de Sa\u00fade (ACS) e Agentes de Combate \u00e0s Endemias (ACE). &nbsp; O trabalho realizado pela Secretaria Municipal de Sa\u00fade (SEMS) visa conscientizar e combater os riscos relacionados com a prolifera\u00e7\u00e3o do Aedes aegypti, mosquito transmissor &hellip;<\/p>\n","protected":false},"author":2,"featured_media":23401,"comment_status":"open","ping_status":"open","sticky":false,"template":"","format":"standard","meta":{"_jetpack_memberships_contains_paid_content":false,"footnotes":""},"categories":[1,3],"tags":[],"class_list":["post-23400","post","type-post","status-publish","format-standard","has-post-thumbnail","hentry","category-destaque","category-penedo"],"jetpack_featured_media_url":"https:\/\/www.oparanews.com.br\/wp-content\/uploads\/2022\/05\/penedo-combate-dengue-sems.jpg","jetpack_sharing_enabled":true,"_links":{"self":[{"href":"https:\/\/www.oparanews.com.br\/index.php\/wp-json\/wp\/v2\/posts\/23400","targetHints":{"allow":["GET"]}}],"collection":[{"href":"https:\/\/www.oparanews.com.br\/index.php\/wp-json\/wp\/v2\/posts"}],"about":[{"href":"https:\/\/www.oparanews.com.br\/index.php\/wp-json\/wp\/v2\/types\/post"}],"author":[{"embeddable":true,"href":"https:\/\/www.oparanews.com.br\/index.php\/wp-json\/wp\/v2\/users\/2"}],"replies":[{"embeddable":true,"href":"https:\/\/www.oparanews.com.br\/index.php\/wp-json\/wp\/v2\/comments?post=23400"}],"version-history":[{"count":1,"href":"https:\/\/www.oparanews.com.br\/index.php\/wp-json\/wp\/v2\/posts\/23400\/revisions"}],"predecessor-version":[{"id":23402,"href":"https:\/\/www.oparanews.com.br\/index.php\/wp-json\/wp\/v2\/posts\/23400\/revisions\/23402"}],"wp:featuredmedia":[{"embeddable":true,"href":"https:\/\/www.oparanews.com.br\/index.php\/wp-json\/wp\/v2\/media\/23401"}],"wp:attachment":[{"href":"https:\/\/www.oparanews.com.br\/index.php\/wp-json\/wp\/v2\/media?parent=23400"}],"wp:term":[{"taxonomy":"category","embeddable":true,"href":"https:\/\/www.oparanews.com.br\/index.php\/wp-json\/wp\/v2\/categories?post=23400"},{"taxonomy":"post_tag","embeddable":true,"href":"https:\/\/www.oparanews.com.br\/index.php\/wp-json\/wp\/v2\/tags?post=23400"}],"curies":[{"name":"wp","href":"https:\/\/api.w.org\/{rel}","templated":true}]}}