{"id":23403,"date":"2022-05-12T15:54:20","date_gmt":"2022-05-12T18:54:20","guid":{"rendered":"https:\/\/www.oparanews.com.br\/?p=23403"},"modified":"2022-05-12T15:54:20","modified_gmt":"2022-05-12T18:54:20","slug":"governo-ronaldo-lopes-moderniza-cozinha-de-escolas-e-creches-da-semed","status":"publish","type":"post","link":"https:\/\/www.oparanews.com.br\/index.php\/2022\/05\/12\/governo-ronaldo-lopes-moderniza-cozinha-de-escolas-e-creches-da-semed\/","title":{"rendered":"Governo Ronaldo Lopes moderniza cozinha de escolas e creches da Semed"},"content":{"rendered":"<p>O preparo da alimenta\u00e7\u00e3o servida aos estudantes das escolas e para as crian\u00e7as das creches da Prefeitura de Penedo conta com equipamentos novos e de padr\u00e3o industrial.<\/p>\n<p>&nbsp;<\/p>\n<p>O investimento do governo Ronaldo Lopes substitui aparelhos obsoletos, como os fog\u00f5es de duas bocas e sem forno que eram utilizados nas cozinhas das unidades de ensino da Secretaria Municipal de Educa\u00e7\u00e3o (Semed).<\/p>\n<p>&nbsp;<\/p>\n<p>Al\u00e9m dos novos utens\u00edlios, liquidificadores, batedeiras, multiprocessadores e outros eletrodom\u00e9sticos j\u00e1 distribu\u00eddos este ano, escolas e creches est\u00e3o recebendo fog\u00e3o industrial, em inox, todos equipados com seis bocas e forno acoplado.<\/p>\n<p>&nbsp;<\/p>\n<p>O equipamento que agiliza o trabalho das merendeiras da Semed Penedo j\u00e1 foi instalado nas creches L\u00facia Nogueira, Menino Jesus, Rosete Andrade, Denilma Bulh\u00f5es e Vov\u00f3 Judite.<\/p>\n<p>&nbsp;<\/p>\n<p>Tamb\u00e9m j\u00e1 consta na cozinha das escolas Teot\u00f4nio Ribeiro, Ir\u00eanio Ara\u00fajo, Irm\u00e3 Jolenta, Costa Mangabeira, Wilton Lucena, Josef Bergmann, Hanna Bertholet e Santa C\u00e2ndida.<\/p>\n<p>&nbsp;<\/p>\n<p>Nesta quinta-feira, 12, o investimento foi instalado nas unidades de ensino Jo\u00e3o XXIII, Manoel Soares e Santa Luzia, cozinhas que tamb\u00e9m ganharam micro-ondas destinado ao uso dos servidores das escolas e creches.<\/p>\n<p>&nbsp;<\/p>\n<p>Em breve, toda a rede municipal ter\u00e1 novos freezers e geladeiras, mais um investimento do governo Ronaldo Lopes que melhora as condi\u00e7\u00f5es de trabalho do pessoal da cozinha e a qualidade da merenda escolar.<\/p>\n<p>&nbsp;<\/p>\n<p>A alimenta\u00e7\u00e3o escolar elaborada pela Secretaria Municipal de Educa\u00e7\u00e3o tem orienta\u00e7\u00e3o e acompanhamento de nutricionistas, profissionais respons\u00e1veis por elaborar o card\u00e1pio variado, com o m\u00ednimo de produtos industrializados e itens produzidos pela agricultura familiar para ofertar uma alimenta\u00e7\u00e3o saud\u00e1vel.<\/p>\n<p>&nbsp;<\/p>\n<p>&nbsp;<\/p>\n<p><strong>Fonte: Secom PMP<\/strong><\/p>\n<p>&nbsp;<\/p>\n","protected":false},"excerpt":{"rendered":"<p>O preparo da alimenta\u00e7\u00e3o servida aos estudantes das escolas e para as crian\u00e7as das creches da Prefeitura de Penedo conta com equipamentos novos e de padr\u00e3o industrial. &nbsp; O investimento do governo Ronaldo Lopes substitui aparelhos obsoletos, como os fog\u00f5es de duas bocas e sem forno que eram utilizados nas cozinhas das unidades de ensino &hellip;<\/p>\n","protected":false},"author":2,"featured_media":23404,"comment_status":"open","ping_status":"open","sticky":false,"template":"","format":"standard","meta":{"_jetpack_memberships_contains_paid_content":false,"footnotes":""},"categories":[1,3],"tags":[],"class_list":["post-23403","post","type-post","status-publish","format-standard","has-post-thumbnail","hentry","category-destaque","category-penedo"],"jetpack_featured_media_url":"https:\/\/www.oparanews.com.br\/wp-content\/uploads\/2022\/05\/penedo-equipamentos-cozinha-semed-4-696x464-1.jpeg","jetpack_sharing_enabled":true,"_links":{"self":[{"href":"https:\/\/www.oparanews.com.br\/index.php\/wp-json\/wp\/v2\/posts\/23403","targetHints":{"allow":["GET"]}}],"collection":[{"href":"https:\/\/www.oparanews.com.br\/index.php\/wp-json\/wp\/v2\/posts"}],"about":[{"href":"https:\/\/www.oparanews.com.br\/index.php\/wp-json\/wp\/v2\/types\/post"}],"author":[{"embeddable":true,"href":"https:\/\/www.oparanews.com.br\/index.php\/wp-json\/wp\/v2\/users\/2"}],"replies":[{"embeddable":true,"href":"https:\/\/www.oparanews.com.br\/index.php\/wp-json\/wp\/v2\/comments?post=23403"}],"version-history":[{"count":1,"href":"https:\/\/www.oparanews.com.br\/index.php\/wp-json\/wp\/v2\/posts\/23403\/revisions"}],"predecessor-version":[{"id":23405,"href":"https:\/\/www.oparanews.com.br\/index.php\/wp-json\/wp\/v2\/posts\/23403\/revisions\/23405"}],"wp:featuredmedia":[{"embeddable":true,"href":"https:\/\/www.oparanews.com.br\/index.php\/wp-json\/wp\/v2\/media\/23404"}],"wp:attachment":[{"href":"https:\/\/www.oparanews.com.br\/index.php\/wp-json\/wp\/v2\/media?parent=23403"}],"wp:term":[{"taxonomy":"category","embeddable":true,"href":"https:\/\/www.oparanews.com.br\/index.php\/wp-json\/wp\/v2\/categories?post=23403"},{"taxonomy":"post_tag","embeddable":true,"href":"https:\/\/www.oparanews.com.br\/index.php\/wp-json\/wp\/v2\/tags?post=23403"}],"curies":[{"name":"wp","href":"https:\/\/api.w.org\/{rel}","templated":true}]}}