{"id":23419,"date":"2022-05-13T16:13:27","date_gmt":"2022-05-13T19:13:27","guid":{"rendered":"https:\/\/www.oparanews.com.br\/?p=23419"},"modified":"2022-05-13T16:13:27","modified_gmt":"2022-05-13T19:13:27","slug":"ronaldo-lopes-anuncia-o-maior-aumento-salarial-para-servidores-da-educacao-da-prefeitura-de-penedo","status":"publish","type":"post","link":"https:\/\/www.oparanews.com.br\/index.php\/2022\/05\/13\/ronaldo-lopes-anuncia-o-maior-aumento-salarial-para-servidores-da-educacao-da-prefeitura-de-penedo\/","title":{"rendered":"Ronaldo Lopes anuncia o maior aumento salarial para servidores da Educa\u00e7\u00e3o da Prefeitura de Penedo"},"content":{"rendered":"<p>O Prefeito Ronaldo Lopes anunciou nesta sexta-feira, 13, o maior aumento salarial j\u00e1 concedido aos servidores da Secretaria Municipal de Educa\u00e7\u00e3o (Semed).<\/p>\n<p>&nbsp;<\/p>\n<p>O reajuste de 20% para os efetivos de todas as categorias da pasta da Prefeitura de Penedo \u00e9 recorde, mais um marco positivo da gest\u00e3o Crescendo Com Seu Povo.<\/p>\n<p>&nbsp;<\/p>\n<p>Em 2017, o percentual mais expressivo na hist\u00f3ria recente do munic\u00edpio foi de 7,6%.<\/p>\n<p>&nbsp;<\/p>\n<p>\u201cFico muito feliz em trazer essa not\u00edcia para voc\u00eas porque \u00e9 um reconhecimento de todo o esfor\u00e7o que voc\u00eas t\u00eam feito por nossas crian\u00e7as e por nossos estudantes\u201d, declarou Ronaldo Lopes no v\u00eddeo publicado em seu Instagram oficial.<\/p>\n<p>&nbsp;<\/p>\n<p>O Prefeito de Penedo destaca ainda que a defini\u00e7\u00e3o do reajuste salarial \u00e9 resultado de estudo elaborado por sua administra\u00e7\u00e3o, com orienta\u00e7\u00e3o de consultoria especializada.<\/p>\n<p>&nbsp;<\/p>\n<p>A medida incrementa os vencimentos dos servidores efetivos da Semed Penedo, com a garantia do pagamento do sal\u00e1rio em dia, compromisso firmado e cumprido por Ronaldo Lopes desde o in\u00edcio de sua gest\u00e3o que injeta recursos na economia do munic\u00edpio com responsabilidade e planejamento.<\/p>\n<p>&nbsp;<\/p>\n<p>&nbsp;<\/p>\n<p>&nbsp;<\/p>\n<p><strong>Fonte: Secom PMP<\/strong><\/p>\n<p>&nbsp;<\/p>\n","protected":false},"excerpt":{"rendered":"<p>O Prefeito Ronaldo Lopes anunciou nesta sexta-feira, 13, o maior aumento salarial j\u00e1 concedido aos servidores da Secretaria Municipal de Educa\u00e7\u00e3o (Semed). &nbsp; O reajuste de 20% para os efetivos de todas as categorias da pasta da Prefeitura de Penedo \u00e9 recorde, mais um marco positivo da gest\u00e3o Crescendo Com Seu Povo. &nbsp; Em 2017, &hellip;<\/p>\n","protected":false},"author":2,"featured_media":23420,"comment_status":"open","ping_status":"open","sticky":false,"template":"","format":"standard","meta":{"_jetpack_memberships_contains_paid_content":false,"footnotes":""},"categories":[1,3],"tags":[],"class_list":["post-23419","post","type-post","status-publish","format-standard","has-post-thumbnail","hentry","category-destaque","category-penedo"],"jetpack_featured_media_url":"https:\/\/www.oparanews.com.br\/wp-content\/uploads\/2022\/05\/prefeito-de-penedo-ronaldo-lopes-alagoas.jpg","jetpack_sharing_enabled":true,"_links":{"self":[{"href":"https:\/\/www.oparanews.com.br\/index.php\/wp-json\/wp\/v2\/posts\/23419","targetHints":{"allow":["GET"]}}],"collection":[{"href":"https:\/\/www.oparanews.com.br\/index.php\/wp-json\/wp\/v2\/posts"}],"about":[{"href":"https:\/\/www.oparanews.com.br\/index.php\/wp-json\/wp\/v2\/types\/post"}],"author":[{"embeddable":true,"href":"https:\/\/www.oparanews.com.br\/index.php\/wp-json\/wp\/v2\/users\/2"}],"replies":[{"embeddable":true,"href":"https:\/\/www.oparanews.com.br\/index.php\/wp-json\/wp\/v2\/comments?post=23419"}],"version-history":[{"count":1,"href":"https:\/\/www.oparanews.com.br\/index.php\/wp-json\/wp\/v2\/posts\/23419\/revisions"}],"predecessor-version":[{"id":23421,"href":"https:\/\/www.oparanews.com.br\/index.php\/wp-json\/wp\/v2\/posts\/23419\/revisions\/23421"}],"wp:featuredmedia":[{"embeddable":true,"href":"https:\/\/www.oparanews.com.br\/index.php\/wp-json\/wp\/v2\/media\/23420"}],"wp:attachment":[{"href":"https:\/\/www.oparanews.com.br\/index.php\/wp-json\/wp\/v2\/media?parent=23419"}],"wp:term":[{"taxonomy":"category","embeddable":true,"href":"https:\/\/www.oparanews.com.br\/index.php\/wp-json\/wp\/v2\/categories?post=23419"},{"taxonomy":"post_tag","embeddable":true,"href":"https:\/\/www.oparanews.com.br\/index.php\/wp-json\/wp\/v2\/tags?post=23419"}],"curies":[{"name":"wp","href":"https:\/\/api.w.org\/{rel}","templated":true}]}}