{"id":23447,"date":"2022-05-16T13:53:05","date_gmt":"2022-05-16T16:53:05","guid":{"rendered":"https:\/\/www.oparanews.com.br\/?p=23447"},"modified":"2022-05-16T13:53:05","modified_gmt":"2022-05-16T16:53:05","slug":"prefeitura-de-penedo-e-igps-distribuem-premios-para-maes-com-shows-na-orla","status":"publish","type":"post","link":"https:\/\/www.oparanews.com.br\/index.php\/2022\/05\/16\/prefeitura-de-penedo-e-igps-distribuem-premios-para-maes-com-shows-na-orla\/","title":{"rendered":"Prefeitura de Penedo e IGPS distribuem pr\u00eamios para m\u00e3es com shows na orla"},"content":{"rendered":"<p>Milhares de pessoas se divertiram no Show de Pr\u00eamios M\u00e3es de Penedo, festival com m\u00fasica e distribui\u00e7\u00e3o de presentes promovido pela Prefeitura de Penedo em parceira com o Instituto de Gest\u00e3o de Pol\u00edticas P\u00fablicas Sociais (IGPS).<\/p>\n<p>&nbsp;<\/p>\n<p><a href=\"http:\/\/www.oparanews.com.br\/wp-content\/uploads\/2022\/05\/show-premios-maes-penedo-foto-deywisson-duarte-29-1068x712-1.jpeg\"><img loading=\"lazy\" decoding=\"async\" class=\"alignleft size-medium wp-image-23450\" src=\"http:\/\/www.oparanews.com.br\/wp-content\/uploads\/2022\/05\/show-premios-maes-penedo-foto-deywisson-duarte-29-1068x712-1-300x200.jpeg\" alt=\"\" width=\"300\" height=\"200\" srcset=\"https:\/\/www.oparanews.com.br\/wp-content\/uploads\/2022\/05\/show-premios-maes-penedo-foto-deywisson-duarte-29-1068x712-1-300x200.jpeg 300w, https:\/\/www.oparanews.com.br\/wp-content\/uploads\/2022\/05\/show-premios-maes-penedo-foto-deywisson-duarte-29-1068x712-1-1024x683.jpeg 1024w, https:\/\/www.oparanews.com.br\/wp-content\/uploads\/2022\/05\/show-premios-maes-penedo-foto-deywisson-duarte-29-1068x712-1-768x512.jpeg 768w, https:\/\/www.oparanews.com.br\/wp-content\/uploads\/2022\/05\/show-premios-maes-penedo-foto-deywisson-duarte-29-1068x712-1.jpeg 1068w\" sizes=\"auto, (max-width: 300px) 100vw, 300px\" \/><\/a>O evento direcionado para m\u00e3es de fam\u00edlia de baixa renda aconteceu no estacionamento da Nova Prainha durante a tarde\/noite desse domingo, 15.<\/p>\n<p>&nbsp;<\/p>\n<p>No palco instalado para as apresenta\u00e7\u00f5es musicais, os locutores Christian Lobo e Luiz Carlos Oliveira anunciavam as sorteadas, com apoio da humorista Podderosa.<\/p>\n<p>&nbsp;<\/p>\n<p>A Secret\u00e1ria de Cultura Aliny Costa entregou v\u00e1rios pr\u00eamios e acompanhou toda a programa\u00e7\u00e3o. O vereador Rodrigo Regueira tamb\u00e9m prestigiou o trabalho que promoveu lazer e divers\u00e3o ao povo de Penedo, de forma gratuita.<\/p>\n<p><a href=\"http:\/\/www.oparanews.com.br\/wp-content\/uploads\/2022\/05\/show-premios-maes-penedo-foto-deywisson-duarte-2-1068x712-1.jpeg\"><img loading=\"lazy\" decoding=\"async\" class=\"alignleft size-medium wp-image-23449\" src=\"http:\/\/www.oparanews.com.br\/wp-content\/uploads\/2022\/05\/show-premios-maes-penedo-foto-deywisson-duarte-2-1068x712-1-300x200.jpeg\" alt=\"\" width=\"300\" height=\"200\" srcset=\"https:\/\/www.oparanews.com.br\/wp-content\/uploads\/2022\/05\/show-premios-maes-penedo-foto-deywisson-duarte-2-1068x712-1-300x200.jpeg 300w, https:\/\/www.oparanews.com.br\/wp-content\/uploads\/2022\/05\/show-premios-maes-penedo-foto-deywisson-duarte-2-1068x712-1-1024x683.jpeg 1024w, https:\/\/www.oparanews.com.br\/wp-content\/uploads\/2022\/05\/show-premios-maes-penedo-foto-deywisson-duarte-2-1068x712-1-768x512.jpeg 768w, https:\/\/www.oparanews.com.br\/wp-content\/uploads\/2022\/05\/show-premios-maes-penedo-foto-deywisson-duarte-2-1068x712-1.jpeg 1068w\" sizes=\"auto, (max-width: 300px) 100vw, 300px\" \/><\/a><\/p>\n<p>O Secret\u00e1rio de Planejamento Luciano Lucena, o Secret\u00e1rio de Desenvolvimento Social Rafael Ferreira e o Secret\u00e1rio de Comunica\u00e7\u00e3o Kim Emmanuel tamb\u00e9m participaram ativamente da iniciativa lan\u00e7ada pela gest\u00e3o Crescendo Com Seu Povo.<\/p>\n<p>&nbsp;<\/p>\n<p>A entrega das cartelas que tamb\u00e9m foi utilizada para o pr\u00eamio master come\u00e7ou pelos servi\u00e7os de assist\u00eancia social do munic\u00edpio, assegurando a entrega para mulheres de baixa renda, distribui\u00e7\u00e3o conclu\u00edda no local do evento.<\/p>\n<p>&nbsp;<\/p>\n<p>Al\u00e9m dos sorteios que fizeram a alegria de dezenas de pessoas, o p\u00fablico se divertiu com shows da banda Cores da Mar e a cantora Ana Lobo.<\/p>\n<p>&nbsp;<\/p>\n<p>&nbsp;<\/p>\n<p>&nbsp;<\/p>\n<p><strong>Fonte: Secom PMP<\/strong><\/p>\n<p>&nbsp;<\/p>\n","protected":false},"excerpt":{"rendered":"<p>Milhares de pessoas se divertiram no Show de Pr\u00eamios M\u00e3es de Penedo, festival com m\u00fasica e distribui\u00e7\u00e3o de presentes promovido pela Prefeitura de Penedo em parceira com o Instituto de Gest\u00e3o de Pol\u00edticas P\u00fablicas Sociais (IGPS). &nbsp; O evento direcionado para m\u00e3es de fam\u00edlia de baixa renda aconteceu no estacionamento da Nova Prainha durante a &hellip;<\/p>\n","protected":false},"author":2,"featured_media":23448,"comment_status":"open","ping_status":"open","sticky":false,"template":"","format":"standard","meta":{"_jetpack_memberships_contains_paid_content":false,"footnotes":""},"categories":[1,3],"tags":[],"class_list":["post-23447","post","type-post","status-publish","format-standard","has-post-thumbnail","hentry","category-destaque","category-penedo"],"jetpack_featured_media_url":"https:\/\/www.oparanews.com.br\/wp-content\/uploads\/2022\/05\/show-premios-maes-penedo-foto-deywisson-duarte-28.jpeg","jetpack_sharing_enabled":true,"_links":{"self":[{"href":"https:\/\/www.oparanews.com.br\/index.php\/wp-json\/wp\/v2\/posts\/23447","targetHints":{"allow":["GET"]}}],"collection":[{"href":"https:\/\/www.oparanews.com.br\/index.php\/wp-json\/wp\/v2\/posts"}],"about":[{"href":"https:\/\/www.oparanews.com.br\/index.php\/wp-json\/wp\/v2\/types\/post"}],"author":[{"embeddable":true,"href":"https:\/\/www.oparanews.com.br\/index.php\/wp-json\/wp\/v2\/users\/2"}],"replies":[{"embeddable":true,"href":"https:\/\/www.oparanews.com.br\/index.php\/wp-json\/wp\/v2\/comments?post=23447"}],"version-history":[{"count":1,"href":"https:\/\/www.oparanews.com.br\/index.php\/wp-json\/wp\/v2\/posts\/23447\/revisions"}],"predecessor-version":[{"id":23451,"href":"https:\/\/www.oparanews.com.br\/index.php\/wp-json\/wp\/v2\/posts\/23447\/revisions\/23451"}],"wp:featuredmedia":[{"embeddable":true,"href":"https:\/\/www.oparanews.com.br\/index.php\/wp-json\/wp\/v2\/media\/23448"}],"wp:attachment":[{"href":"https:\/\/www.oparanews.com.br\/index.php\/wp-json\/wp\/v2\/media?parent=23447"}],"wp:term":[{"taxonomy":"category","embeddable":true,"href":"https:\/\/www.oparanews.com.br\/index.php\/wp-json\/wp\/v2\/categories?post=23447"},{"taxonomy":"post_tag","embeddable":true,"href":"https:\/\/www.oparanews.com.br\/index.php\/wp-json\/wp\/v2\/tags?post=23447"}],"curies":[{"name":"wp","href":"https:\/\/api.w.org\/{rel}","templated":true}]}}