{"id":23454,"date":"2022-05-17T17:33:12","date_gmt":"2022-05-17T20:33:12","guid":{"rendered":"https:\/\/www.oparanews.com.br\/?p=23454"},"modified":"2022-05-17T17:34:12","modified_gmt":"2022-05-17T20:34:12","slug":"prefeitura-de-penedo-convida-populacao-para-acoes-do-faca-bonito-voce-tambem","status":"publish","type":"post","link":"https:\/\/www.oparanews.com.br\/index.php\/2022\/05\/17\/prefeitura-de-penedo-convida-populacao-para-acoes-do-faca-bonito-voce-tambem\/","title":{"rendered":"Prefeitura de Penedo convida popula\u00e7\u00e3o para a\u00e7\u00f5es do Fa\u00e7a Bonito Voc\u00ea Tamb\u00e9m"},"content":{"rendered":"<p>A Prefeitura de Penedo convida a popula\u00e7\u00e3o para participar das a\u00e7\u00f5es programadas para o 18 de Maio, data que concentra a\u00e7\u00f5es relacionadas com o combate \u00e0 viol\u00eancia e o abuso sexual contra crian\u00e7as e adolescentes.<\/p>\n<p>&nbsp;<\/p>\n<p><a href=\"http:\/\/www.oparanews.com.br\/wp-content\/uploads\/2022\/05\/card-faca-bonito-penedo.jpeg\"><img loading=\"lazy\" decoding=\"async\" class=\"alignleft size-medium wp-image-23455\" src=\"http:\/\/www.oparanews.com.br\/wp-content\/uploads\/2022\/05\/card-faca-bonito-penedo-254x300.jpeg\" alt=\"\" width=\"254\" height=\"300\" srcset=\"https:\/\/www.oparanews.com.br\/wp-content\/uploads\/2022\/05\/card-faca-bonito-penedo-254x300.jpeg 254w, https:\/\/www.oparanews.com.br\/wp-content\/uploads\/2022\/05\/card-faca-bonito-penedo-866x1024.jpeg 866w, https:\/\/www.oparanews.com.br\/wp-content\/uploads\/2022\/05\/card-faca-bonito-penedo-768x908.jpeg 768w, https:\/\/www.oparanews.com.br\/wp-content\/uploads\/2022\/05\/card-faca-bonito-penedo.jpeg 1100w\" sizes=\"auto, (max-width: 254px) 100vw, 254px\" \/><\/a>O trabalho desenvolvido em parceria com setores da seguran\u00e7a p\u00fablica, Conselho Tutelar, escolas p\u00fablicas e privadas, OAB e institui\u00e7\u00f5es de assist\u00eancia social promove palestras a partir das 10 horas, no Theatro Sete de Setembro.<\/p>\n<p>&nbsp;<\/p>\n<p>No per\u00edodo da tarde, uma grande caminhada come\u00e7a na Pra\u00e7a S\u00e3o Judas Tadeu (imedia\u00e7\u00f5es do Col\u00e9gio Diocesano de Penedo), concentra\u00e7\u00e3o a partir das 15 horas, com destino ao Centro Hist\u00f3rico da cidade, at\u00e9 o Largo da Igreja S\u00e3o Gon\u00e7alo.<\/p>\n<p>&nbsp;<\/p>\n<p>A campanha Fa\u00e7a Bonito Voc\u00ea Tamb\u00e9m \u00e9 organizada pela Secretaria Municipal de Desenvolvimento Social e Habita\u00e7\u00e3o (SEMDSH).<\/p>\n<p>&nbsp;<\/p>\n<p>&nbsp;<\/p>\n<p>&nbsp;<\/p>\n<p><strong>Fonte: Secom PMP<\/strong><\/p>\n<p>&nbsp;<\/p>\n","protected":false},"excerpt":{"rendered":"<p>A Prefeitura de Penedo convida a popula\u00e7\u00e3o para participar das a\u00e7\u00f5es programadas para o 18 de Maio, data que concentra a\u00e7\u00f5es relacionadas com o combate \u00e0 viol\u00eancia e o abuso sexual contra crian\u00e7as e adolescentes. &nbsp; O trabalho desenvolvido em parceria com setores da seguran\u00e7a p\u00fablica, Conselho Tutelar, escolas p\u00fablicas e privadas, OAB e institui\u00e7\u00f5es &hellip;<\/p>\n","protected":false},"author":2,"featured_media":23457,"comment_status":"open","ping_status":"open","sticky":false,"template":"","format":"standard","meta":{"_jetpack_memberships_contains_paid_content":false,"footnotes":""},"categories":[1,3],"tags":[],"class_list":["post-23454","post","type-post","status-publish","format-standard","has-post-thumbnail","hentry","category-destaque","category-penedo"],"jetpack_featured_media_url":"https:\/\/www.oparanews.com.br\/wp-content\/uploads\/2022\/05\/card-faca-bonito-penedo-1.jpeg","jetpack_sharing_enabled":true,"_links":{"self":[{"href":"https:\/\/www.oparanews.com.br\/index.php\/wp-json\/wp\/v2\/posts\/23454","targetHints":{"allow":["GET"]}}],"collection":[{"href":"https:\/\/www.oparanews.com.br\/index.php\/wp-json\/wp\/v2\/posts"}],"about":[{"href":"https:\/\/www.oparanews.com.br\/index.php\/wp-json\/wp\/v2\/types\/post"}],"author":[{"embeddable":true,"href":"https:\/\/www.oparanews.com.br\/index.php\/wp-json\/wp\/v2\/users\/2"}],"replies":[{"embeddable":true,"href":"https:\/\/www.oparanews.com.br\/index.php\/wp-json\/wp\/v2\/comments?post=23454"}],"version-history":[{"count":3,"href":"https:\/\/www.oparanews.com.br\/index.php\/wp-json\/wp\/v2\/posts\/23454\/revisions"}],"predecessor-version":[{"id":23459,"href":"https:\/\/www.oparanews.com.br\/index.php\/wp-json\/wp\/v2\/posts\/23454\/revisions\/23459"}],"wp:featuredmedia":[{"embeddable":true,"href":"https:\/\/www.oparanews.com.br\/index.php\/wp-json\/wp\/v2\/media\/23457"}],"wp:attachment":[{"href":"https:\/\/www.oparanews.com.br\/index.php\/wp-json\/wp\/v2\/media?parent=23454"}],"wp:term":[{"taxonomy":"category","embeddable":true,"href":"https:\/\/www.oparanews.com.br\/index.php\/wp-json\/wp\/v2\/categories?post=23454"},{"taxonomy":"post_tag","embeddable":true,"href":"https:\/\/www.oparanews.com.br\/index.php\/wp-json\/wp\/v2\/tags?post=23454"}],"curies":[{"name":"wp","href":"https:\/\/api.w.org\/{rel}","templated":true}]}}