{"id":23467,"date":"2022-05-18T13:25:17","date_gmt":"2022-05-18T16:25:17","guid":{"rendered":"https:\/\/www.oparanews.com.br\/?p=23467"},"modified":"2022-05-18T13:25:17","modified_gmt":"2022-05-18T16:25:17","slug":"com-apoio-da-prefeitura-de-penedo-campus-da-ufal-comeca-a-ser-construido","status":"publish","type":"post","link":"https:\/\/www.oparanews.com.br\/index.php\/2022\/05\/18\/com-apoio-da-prefeitura-de-penedo-campus-da-ufal-comeca-a-ser-construido\/","title":{"rendered":"Com apoio da Prefeitura de Penedo, campus da Ufal come\u00e7a a ser constru\u00eddo"},"content":{"rendered":"<p>Equipe em campo, fazendo o trabalho de mensura\u00e7\u00e3o da \u00e1rea para o in\u00edcio da obra. \u00c9 isso que est\u00e1 acontecendo agora, no terreno onde a Universidade Federal de Alagoas (Ufal) vai instalar o campus Penedo.<\/p>\n<p>&nbsp;<\/p>\n<p>O investimento or\u00e7ado em nove milh\u00f5es de reais vai abrigar todos os cinco cursos da institui\u00e7\u00e3o de ensino p\u00fablico de n\u00edvel superior em \u00e1rea desapropriada pela Prefeitura de Penedo durante a gest\u00e3o Marcius Beltr\u00e3o\/Ronaldo Lopes e doada \u00e0 Ufal.<\/p>\n<p>&nbsp;<\/p>\n<p>Como parte do terreno situado \u00e0 margem da rodovia AL 110, vizinho ao Residencial Jardim Am\u00e9rica, \u00e9 utilizado para sustentar rede de alta tens\u00e3o \u2013 trecho que ser\u00e1 utilizado como reserva ecol\u00f3gica -, o Prefeito Ronaldo Lopes conseguiu ampliar o espa\u00e7o do campus.<\/p>\n<p>&nbsp;<\/p>\n<p>O reitor da Ufal, Josealdo Tonholo, informa que a primeira etapa do projeto ter\u00e1 cerca de 4 mil metros de \u00e1rea constru\u00edda e destaca a parceria da Prefeitura de Penedo no investimento que tamb\u00e9m tem apoio da bancada federal alagoana, do IMA e do Iphan.<\/p>\n<p>&nbsp;<\/p>\n<p>\u201cA Ufal \u00e9 parceira importante para o desenvolvimento de Penedo e tudo que estiver ao nosso alcance n\u00f3s faremos para apoiar a constru\u00e7\u00e3o do campus. \u00c9 mais uma oportunidade para nossa juventude ingressar na universidade, sem precisar deixar a nossa cidade\u201d, destaca Ronaldo Lopes.<\/p>\n<p>&nbsp;<\/p>\n<p>&nbsp;<\/p>\n<p><strong>por Fernando Vin\u00edcius &#8211; Secom PMP<\/strong><\/p>\n<p>&nbsp;<\/p>\n","protected":false},"excerpt":{"rendered":"<p>Equipe em campo, fazendo o trabalho de mensura\u00e7\u00e3o da \u00e1rea para o in\u00edcio da obra. \u00c9 isso que est\u00e1 acontecendo agora, no terreno onde a Universidade Federal de Alagoas (Ufal) vai instalar o campus Penedo. &nbsp; O investimento or\u00e7ado em nove milh\u00f5es de reais vai abrigar todos os cinco cursos da institui\u00e7\u00e3o de ensino p\u00fablico &hellip;<\/p>\n","protected":false},"author":2,"featured_media":23468,"comment_status":"open","ping_status":"open","sticky":false,"template":"","format":"standard","meta":{"_jetpack_memberships_contains_paid_content":false,"footnotes":""},"categories":[1,3],"tags":[],"class_list":["post-23467","post","type-post","status-publish","format-standard","has-post-thumbnail","hentry","category-destaque","category-penedo"],"jetpack_featured_media_url":"https:\/\/www.oparanews.com.br\/wp-content\/uploads\/2022\/05\/terreno-campus-ufal-penedo.jpg","jetpack_sharing_enabled":true,"_links":{"self":[{"href":"https:\/\/www.oparanews.com.br\/index.php\/wp-json\/wp\/v2\/posts\/23467","targetHints":{"allow":["GET"]}}],"collection":[{"href":"https:\/\/www.oparanews.com.br\/index.php\/wp-json\/wp\/v2\/posts"}],"about":[{"href":"https:\/\/www.oparanews.com.br\/index.php\/wp-json\/wp\/v2\/types\/post"}],"author":[{"embeddable":true,"href":"https:\/\/www.oparanews.com.br\/index.php\/wp-json\/wp\/v2\/users\/2"}],"replies":[{"embeddable":true,"href":"https:\/\/www.oparanews.com.br\/index.php\/wp-json\/wp\/v2\/comments?post=23467"}],"version-history":[{"count":1,"href":"https:\/\/www.oparanews.com.br\/index.php\/wp-json\/wp\/v2\/posts\/23467\/revisions"}],"predecessor-version":[{"id":23469,"href":"https:\/\/www.oparanews.com.br\/index.php\/wp-json\/wp\/v2\/posts\/23467\/revisions\/23469"}],"wp:featuredmedia":[{"embeddable":true,"href":"https:\/\/www.oparanews.com.br\/index.php\/wp-json\/wp\/v2\/media\/23468"}],"wp:attachment":[{"href":"https:\/\/www.oparanews.com.br\/index.php\/wp-json\/wp\/v2\/media?parent=23467"}],"wp:term":[{"taxonomy":"category","embeddable":true,"href":"https:\/\/www.oparanews.com.br\/index.php\/wp-json\/wp\/v2\/categories?post=23467"},{"taxonomy":"post_tag","embeddable":true,"href":"https:\/\/www.oparanews.com.br\/index.php\/wp-json\/wp\/v2\/tags?post=23467"}],"curies":[{"name":"wp","href":"https:\/\/api.w.org\/{rel}","templated":true}]}}