{"id":23482,"date":"2022-05-18T23:16:23","date_gmt":"2022-05-19T02:16:23","guid":{"rendered":"https:\/\/www.oparanews.com.br\/?p=23482"},"modified":"2022-05-18T23:16:23","modified_gmt":"2022-05-19T02:16:23","slug":"prefeito-marcelo-beltrao-inaugura-nova-sede-da-secretaria-municipal-de-saude","status":"publish","type":"post","link":"https:\/\/www.oparanews.com.br\/index.php\/2022\/05\/18\/prefeito-marcelo-beltrao-inaugura-nova-sede-da-secretaria-municipal-de-saude\/","title":{"rendered":"Prefeito Marcelo Beltr\u00e3o inaugura nova sede da Secretaria Municipal de Sa\u00fade"},"content":{"rendered":"<p>O cuidador tamb\u00e9m merece cuidado. A frase poderia ser uma pe\u00e7a de propaganda da Prefeitura de Coruripe para anunciar a nova sede da Secretaria Municipal de Sa\u00fade, mas foi dita pela servidora Eline Lessa, que trabalha h\u00e1 16 no setor de Vigil\u00e2ncia Epidemiol\u00f3gica, e estava feliz da vida com o novo local de trabalho.<\/p>\n<p>&nbsp;<\/p>\n<p>Na manh\u00e3 da \u00faltima segunda-feira (16), durante as solenidades de comemora\u00e7\u00e3o dos 130 anos de Emancipa\u00e7\u00e3o Pol\u00edtica de Coruripe, a Prefeitura inaugurou a nova sede da pasta, localizada no bairro Vassouras.<\/p>\n<p>&nbsp;<\/p>\n<p><a href=\"http:\/\/www.oparanews.com.br\/wp-content\/uploads\/2022\/05\/WhatsApp-Image-2022-05-18-at-13.48.33-6.jpeg\"><img loading=\"lazy\" decoding=\"async\" class=\"aligncenter size-full wp-image-23484\" src=\"http:\/\/www.oparanews.com.br\/wp-content\/uploads\/2022\/05\/WhatsApp-Image-2022-05-18-at-13.48.33-6.jpeg\" alt=\"\" width=\"1024\" height=\"683\" srcset=\"https:\/\/www.oparanews.com.br\/wp-content\/uploads\/2022\/05\/WhatsApp-Image-2022-05-18-at-13.48.33-6.jpeg 1024w, https:\/\/www.oparanews.com.br\/wp-content\/uploads\/2022\/05\/WhatsApp-Image-2022-05-18-at-13.48.33-6-300x200.jpeg 300w, https:\/\/www.oparanews.com.br\/wp-content\/uploads\/2022\/05\/WhatsApp-Image-2022-05-18-at-13.48.33-6-768x512.jpeg 768w\" sizes=\"auto, (max-width: 1024px) 100vw, 1024px\" \/><\/a>A nova estrutura representa um marco para a Sa\u00fade no munic\u00edpio. O pr\u00e9dio, al\u00e9m de levar mais conforto aos servidores e usu\u00e1rios, concentra todos os setores da secretaria, que ir\u00e3o trabalhar de forma integrada, harm\u00f4nica e estrat\u00e9gica.<\/p>\n<p>&nbsp;<\/p>\n<p>&#8220;Conseguimos concentrar setores, concentrar a nova log\u00edstica de distribui\u00e7\u00e3o de medicamentos. Temos agora uma ampla recep\u00e7\u00e3o climatizada, uma nova farm\u00e1cia central. O usu\u00e1rio e os servidores ter\u00e3o agora uma outra experi\u00eancia, com bem mais conforto, comodidade e efici\u00eancia, que em nada ir\u00e1 lembrar o pr\u00e9dio anterior, que era bem r\u00fastico e impr\u00f3prio para a Sa\u00fade&#8221;, destacou o secret\u00e1rio Pedro Hermann.<\/p>\n<p>&nbsp;<\/p>\n<p>O pr\u00e9dio conta com um setor de controle e avalia\u00e7\u00e3o, uma nova estrutura para a coordena\u00e7\u00e3o da Aten\u00e7\u00e3o B\u00e1sica de Sa\u00fade, novo setor de compras, novo setor de tecnologia, setor financeiro, setor de vigil\u00e2ncia integrado, setor financeiro cont\u00e1bil centralizado e um novo laborat\u00f3rio de endemias. Outro ponto alto da sede \u00e9 o novo centro de imuniza\u00e7\u00e3o do Programa Nacional de Imuniza\u00e7\u00e3o, que ir\u00e1 armazenar todos os medicamentos e vacinas em ambiente climatizadas, com gerador de energia para suprir qualquer baixa ou falta de energia, mantendo assim a temperatura ideal dos medicamentos.<\/p>\n<p>&nbsp;<\/p>\n<p>A nova estrutura e log\u00edstica de distribui\u00e7\u00e3o de medicamentos ir\u00e1 gerar, ainda, uma economia anual na ordem de R$ 1 milh\u00e3o. Antes, existiam v\u00e1rios pequenos dep\u00f3sitos de rem\u00e9dios e tamb\u00e9m estoques em alguns postos de sa\u00fade. &#8220;Isso gerava desperd\u00edcio, porque \u00e0s vezes um determinado posto tinha um estoque alto e no outro acabava antes do previsto, sem poder repor. Ent\u00e3o estamos mudando essa log\u00edstica, a concentra\u00e7\u00e3o de estoque ser\u00e1 melhor e faremos todo elo de liga\u00e7\u00e3o. Isso, al\u00e9m de evitar desperd\u00edcio de rem\u00e9dios vencidos, a falta de medicamento nos postos vai diminuir drasticamente, porque a log\u00edstica ser\u00e1 mais eficiente. Portanto, o dinheiro que se usa para a assist\u00eancia farmac\u00eautica, vai ser melhor utilizado. Esse \u00e9 um dos grandes ganhos que se tem com a nova estrutura&#8221;, destacou Pedro Madeiro, secret\u00e1rio municipal da Sa\u00fade.<\/p>\n<p>&nbsp;<\/p>\n<p>&#8220;Aqui n\u00e3o \u00e9 um pr\u00e9dio apenas para abrigar o secret\u00e1rio, \u00e9 um equipamento funcional, onde estamos centralizando todas as a\u00e7\u00f5es principais da secretaria e que representa bem o novo padr\u00e3o de Sa\u00fade de Coruripe. Estamos muito contentes em entregar esse equipamento fant\u00e1stico para os servidores e para a popula\u00e7\u00e3o&#8221;, ressaltou o prefeito Marcelo Beltr\u00e3o.<\/p>\n<p>&nbsp;<\/p>\n<p>Segundo a servidora Eliene Lessa, as mudan\u00e7as foram bem recebidas por todos os servidores. &#8220;Tivemos uma evolu\u00e7\u00e3o muito grande do antigo para o novo, tendo agora melhores condi\u00e7\u00f5es de trabalho. Um ambiente agrad\u00e1vel, mais confort\u00e1vel e que representa a realiza\u00e7\u00e3o de um sonho para todos. \u00c9 um presente para n\u00f3s servidores, que antes trabalh\u00e1vamos em um ambiente insalubre e agora estamos em um espa\u00e7o novo, renovado, climatizado, que nos d\u00e1 mais \u00e2nimo para trabalhar&#8221;, refletiu.<\/p>\n<p>&nbsp;<\/p>\n<p>A nova sede est\u00e1 localizada no bairro Vassouras, na Rua das Vassouras, no pr\u00e9dio do antigo Senai.<\/p>\n<p>&nbsp;<\/p>\n<p>&nbsp;<\/p>\n<p>&nbsp;<\/p>\n<p><strong>Fonte: Secom Coruripe<\/strong><\/p>\n<p>&nbsp;<\/p>\n","protected":false},"excerpt":{"rendered":"<p>O cuidador tamb\u00e9m merece cuidado. A frase poderia ser uma pe\u00e7a de propaganda da Prefeitura de Coruripe para anunciar a nova sede da Secretaria Municipal de Sa\u00fade, mas foi dita pela servidora Eline Lessa, que trabalha h\u00e1 16 no setor de Vigil\u00e2ncia Epidemiol\u00f3gica, e estava feliz da vida com o novo local de trabalho. &nbsp; &hellip;<\/p>\n","protected":false},"author":2,"featured_media":23483,"comment_status":"open","ping_status":"open","sticky":false,"template":"","format":"standard","meta":{"_jetpack_memberships_contains_paid_content":false,"footnotes":""},"categories":[4],"tags":[],"class_list":["post-23482","post","type-post","status-publish","format-standard","has-post-thumbnail","hentry","category-alagoas"],"jetpack_featured_media_url":"https:\/\/www.oparanews.com.br\/wp-content\/uploads\/2022\/05\/WhatsApp-Image-2022-05-18-at-13.48.34-1.jpeg","jetpack_sharing_enabled":true,"_links":{"self":[{"href":"https:\/\/www.oparanews.com.br\/index.php\/wp-json\/wp\/v2\/posts\/23482","targetHints":{"allow":["GET"]}}],"collection":[{"href":"https:\/\/www.oparanews.com.br\/index.php\/wp-json\/wp\/v2\/posts"}],"about":[{"href":"https:\/\/www.oparanews.com.br\/index.php\/wp-json\/wp\/v2\/types\/post"}],"author":[{"embeddable":true,"href":"https:\/\/www.oparanews.com.br\/index.php\/wp-json\/wp\/v2\/users\/2"}],"replies":[{"embeddable":true,"href":"https:\/\/www.oparanews.com.br\/index.php\/wp-json\/wp\/v2\/comments?post=23482"}],"version-history":[{"count":1,"href":"https:\/\/www.oparanews.com.br\/index.php\/wp-json\/wp\/v2\/posts\/23482\/revisions"}],"predecessor-version":[{"id":23485,"href":"https:\/\/www.oparanews.com.br\/index.php\/wp-json\/wp\/v2\/posts\/23482\/revisions\/23485"}],"wp:featuredmedia":[{"embeddable":true,"href":"https:\/\/www.oparanews.com.br\/index.php\/wp-json\/wp\/v2\/media\/23483"}],"wp:attachment":[{"href":"https:\/\/www.oparanews.com.br\/index.php\/wp-json\/wp\/v2\/media?parent=23482"}],"wp:term":[{"taxonomy":"category","embeddable":true,"href":"https:\/\/www.oparanews.com.br\/index.php\/wp-json\/wp\/v2\/categories?post=23482"},{"taxonomy":"post_tag","embeddable":true,"href":"https:\/\/www.oparanews.com.br\/index.php\/wp-json\/wp\/v2\/tags?post=23482"}],"curies":[{"name":"wp","href":"https:\/\/api.w.org\/{rel}","templated":true}]}}